{"id":10915,"date":"2019-10-04T16:51:39","date_gmt":"2019-10-04T14:51:39","guid":{"rendered":"https:\/\/welovekiel.com\/angela-merkel-frank-walter-steinmeier-kiel-day-of-unity-2019-10915\/"},"modified":"2022-08-03T23:30:05","modified_gmt":"2022-08-03T21:30:05","slug":"angela-merkel-frank-walter-steinmeier-kiel-day-of-unity-2019","status":"publish","type":"post","link":"https:\/\/welovekiel.com\/en\/angela-merkel-frank-walter-steinmeier-kiel-day-of-unity-2019-10915\/","title":{"rendered":"Angela Merkel and Frank-Walter Steinmeier in the Kiel Maritime Museum on German Unity Day"},"content":{"rendered":"<div class=\"fusion-fullwidth fullwidth-box fusion-builder-row-1 nonhundred-percent-fullwidth non-hundred-percent-height-scrolling\" style=\"background-color: rgba(255,255,255,0);background-position: center center;background-repeat: no-repeat;padding-top:0px;padding-right:0px;padding-bottom:0px;padding-left:0px;margin-bottom: 0px;margin-top: 0px;border-width: 0px 0px 0px 0px;border-color:#eae9e9;border-style:solid;\"><div class=\"fusion-builder-row fusion-row\"><div class=\"fusion-layout-column fusion_builder_column fusion-builder-column-0 fusion_builder_column_1_1 1_1 fusion-one-full fusion-column-first fusion-column-last\" style=\"margin-top:0px;margin-bottom:0px;\"><div class=\"fusion-column-wrapper fusion-flex-column-wrapper-legacy\" style=\"background-position:left top;background-repeat:no-repeat;-webkit-background-size:cover;-moz-background-size:cover;-o-background-size:cover;background-size:cover;padding: 0px 0px 0px 0px;\"><div class=\"fusion-text fusion-text-1\"><p><strong>Politicians in Kiel: Angela Merkel, Frank-Walter Steinmeier in the Kiel Maritime Museum on German Unity Day 2019 together with Kiel&rsquo;s Lord Mayor Ulf K&auml;mpfer, Prime Minister Daniel G&uuml;nther and other politicians.<\/strong><\/p>\n<p>There was a lot going on in Kiel on German Unity Day, because this year&rsquo;s Unity Festival took place in Kiel on October 3, 2019. Around 500,000 visitors were expected to attend the festival and of course Chancellor Angela Merkel, Federal President Steinmeier, Wolfgang Sch&auml;uble and Prime Minister Daniel G&uuml;nther were also in Kiel for the occasion. And of course Kiel&rsquo;s Lord Mayor Ulf K&auml;mpfer.<\/p>\n<p>On the morning of October 3rd, the politicians signed the golden book of the city of Kiel, the ceremony took place with a heavy police presence in the Kiel Maritime Museum, before a service in the Nikolaikirche followed and then an event in the Sparkassen Arena.<\/p>\n<p>Due to numerous road closures in the city of Kiel, the quickest way to get from A to B on German Unity Day was by bike or, as in my case, to the Maritime Museum near the <a href=\"https:\/\/welovekiel.com\/en\/lexicon\/kiel-fjord\/\" target=\"_self\" title=\"\" class=\"encyclopedia\">Kiel Fjord<\/a>. Everything around the museum was cordoned off and of course you couldn&rsquo;t get right into the Maritime Museum. But there was enough space behind the barrier to get a good view of the arriving guests in their large black limousines. The vehicles were accompanied by police cars and motorbikes. After signing the golden book, a group photo in front of the Maritime Museum with the Kiel Fjord in the background was on the agenda.<\/p>\n<p>And then everything went very quickly: Everyone got back into their car, easy to recognize by their number plates, the next destination was the Nikolaikirche.<\/p>\n<h2>Important license plates of government vehicles<\/h2>\n<ul>\n<li>0 &ndash; 1 Federal President<\/li>\n<li>0 &ndash; 2 Federal Chancellor<\/li>\n<li>0 &ndash; 3 Foreign Minister<\/li>\n<li>0 &ndash; 4 First Secretary of State, Foreign Office<\/li>\n<li>1 &ndash; 1 President of the Bundestag<\/li>\n<\/ul>\n<h2>Photos of the Kiel Maritime Museum on Unity Day<\/h2>\n\n\t\t<style type=\"text\/css\">\n\t\t\t#gallery-1 {\n\t\t\t\tmargin: auto;\n\t\t\t}\n\t\t\t#gallery-1 .gallery-item {\n\t\t\t\tfloat: left;\n\t\t\t\tmargin-top: 10px;\n\t\t\t\ttext-align: center;\n\t\t\t\twidth: 100%;\n\t\t\t}\n\t\t\t#gallery-1 img {\n\t\t\t\tborder: 2px solid #cfcfcf;\n\t\t\t}\n\t\t\t#gallery-1 .gallery-caption {\n\t\t\t\tmargin-left: 0;\n\t\t\t}\n\t\t\t\/* see gallery_shortcode() in wp-includes\/media.php *\/\n\t\t<\/style>\n\t\t<div id=\"gallery-1\" class=\"gallery galleryid-10915 gallery-columns-1 gallery-size-800\"><dl class=\"gallery-item\">\n\t\t\t<dt class=\"gallery-icon landscape\">\n\t\t\t\t<a data-rel=\"iLightbox[postimages]\" data-title=\"Angela Merkel &amp; Ulf K&auml;mpfer Kiel Unity Day 2019\" data-caption=\"Angela Merkel &amp; Ulf K&auml;mpfer Kiel Unity Day 2019 Kiel Maritime Museum\" href=\"https:\/\/welovekiel.com\/wp-content\/uploads\/merkel-kaempfer-schaeuble-kiel-tag-der-einheit-2019.jpg\" title=\"Angela Merkel &amp;amp; Ulf K&auml;mpfer Kiel Unity Day 2019\" data-description=\"Angela Merkel &amp;amp; Ulf K&auml;mpfer Kiel Unity Day 2019 Kiel Maritime Museum\"><img decoding=\"async\" width=\"1200\" height=\"800\" src=\"https:\/\/welovekiel.com\/wp-content\/uploads\/merkel-kaempfer-schaeuble-kiel-tag-der-einheit-2019.jpg\" class=\"attachment-800 size-800 lazyload\" alt=\"Angela Merkel &amp; Ulf K&auml;mpfer Kiel Unity Day 2019 Kiel Maritime Museum\" aria-describedby=\"gallery-1-1755\" srcset=\"data:image\/svg+xml,%3Csvg%20xmlns%3D%27http%3A%2F%2Fwww.w3.org%2F2000%2Fsvg%27%20width%3D%271200%27%20height%3D%27800%27%20viewBox%3D%270%200%201200%20800%27%3E%3Crect%20width%3D%271200%27%20height%3D%27800%27%20fill-opacity%3D%220%22%2F%3E%3C%2Fsvg%3E\" data-orig-src=\"https:\/\/welovekiel.com\/wp-content\/uploads\/merkel-kaempfer-schaeuble-kiel-tag-der-einheit-2019.jpg\" data-srcset=\"https:\/\/welovekiel.com\/wp-content\/uploads\/merkel-kaempfer-schaeuble-kiel-tag-der-einheit-2019-200x133.jpg 200w, https:\/\/welovekiel.com\/wp-content\/uploads\/merkel-kaempfer-schaeuble-kiel-tag-der-einheit-2019-300x200.jpg 300w, https:\/\/welovekiel.com\/wp-content\/uploads\/merkel-kaempfer-schaeuble-kiel-tag-der-einheit-2019-400x267.jpg 400w, https:\/\/welovekiel.com\/wp-content\/uploads\/merkel-kaempfer-schaeuble-kiel-tag-der-einheit-2019-600x400.jpg 600w, https:\/\/welovekiel.com\/wp-content\/uploads\/merkel-kaempfer-schaeuble-kiel-tag-der-einheit-2019-768x512.jpg 768w, https:\/\/welovekiel.com\/wp-content\/uploads\/merkel-kaempfer-schaeuble-kiel-tag-der-einheit-2019-800x533.jpg 800w, https:\/\/welovekiel.com\/wp-content\/uploads\/merkel-kaempfer-schaeuble-kiel-tag-der-einheit-2019-1024x683.jpg 1024w, https:\/\/welovekiel.com\/wp-content\/uploads\/merkel-kaempfer-schaeuble-kiel-tag-der-einheit-2019.jpg 1200w\" data-sizes=\"auto\"><\/a>\n\t\t\t<\/dt>\n\t\t\t\t<dd class=\"wp-caption-text gallery-caption\" id=\"gallery-1-1755\">\n\t\t\t\tAngela Merkel &amp; Ulf K&auml;mpfer Kiel Unity Day 2019 Kiel Maritime Museum\n\t\t\t\t<\/dd><\/dl><br style=\"clear: both\"><dl class=\"gallery-item\">\n\t\t\t<dt class=\"gallery-icon landscape\">\n\t\t\t\t<a data-rel=\"iLightbox[postimages]\" data-title=\"Chancellor Angela Merkel\" data-caption=\"Chancellor Angela Merkel in Kiel October 3rd, 2019 Unity Day\" href=\"https:\/\/welovekiel.com\/wp-content\/uploads\/angela-merkel-einheitsfeier-kiel-2019-tag-der-deutschen-einheit1.jpg\" title=\"Chancellor Angela Merkel\" data-description=\"Chancellor Angela Merkel in Kiel October 3rd, 2019 Unity Day\"><img decoding=\"async\" width=\"1200\" height=\"800\" src=\"https:\/\/welovekiel.com\/wp-content\/uploads\/angela-merkel-einheitsfeier-kiel-2019-tag-der-deutschen-einheit1.jpg\" class=\"attachment-800 size-800 lazyload\" alt=\"Chancellor Angela Merkel in Kiel October 3rd, 2019 Unity Day\" aria-describedby=\"gallery-1-1705\" srcset=\"data:image\/svg+xml,%3Csvg%20xmlns%3D%27http%3A%2F%2Fwww.w3.org%2F2000%2Fsvg%27%20width%3D%271200%27%20height%3D%27800%27%20viewBox%3D%270%200%201200%20800%27%3E%3Crect%20width%3D%271200%27%20height%3D%27800%27%20fill-opacity%3D%220%22%2F%3E%3C%2Fsvg%3E\" data-orig-src=\"https:\/\/welovekiel.com\/wp-content\/uploads\/angela-merkel-einheitsfeier-kiel-2019-tag-der-deutschen-einheit1.jpg\" data-srcset=\"https:\/\/welovekiel.com\/wp-content\/uploads\/angela-merkel-einheitsfeier-kiel-2019-tag-der-deutschen-einheit1-200x133.jpg 200w, https:\/\/welovekiel.com\/wp-content\/uploads\/angela-merkel-einheitsfeier-kiel-2019-tag-der-deutschen-einheit1-300x200.jpg 300w, https:\/\/welovekiel.com\/wp-content\/uploads\/angela-merkel-einheitsfeier-kiel-2019-tag-der-deutschen-einheit1-400x267.jpg 400w, https:\/\/welovekiel.com\/wp-content\/uploads\/angela-merkel-einheitsfeier-kiel-2019-tag-der-deutschen-einheit1-600x400.jpg 600w, https:\/\/welovekiel.com\/wp-content\/uploads\/angela-merkel-einheitsfeier-kiel-2019-tag-der-deutschen-einheit1-768x512.jpg 768w, https:\/\/welovekiel.com\/wp-content\/uploads\/angela-merkel-einheitsfeier-kiel-2019-tag-der-deutschen-einheit1-800x533.jpg 800w, https:\/\/welovekiel.com\/wp-content\/uploads\/angela-merkel-einheitsfeier-kiel-2019-tag-der-deutschen-einheit1-1024x683.jpg 1024w, https:\/\/welovekiel.com\/wp-content\/uploads\/angela-merkel-einheitsfeier-kiel-2019-tag-der-deutschen-einheit1.jpg 1200w\" data-sizes=\"auto\"><\/a>\n\t\t\t<\/dt>\n\t\t\t\t<dd class=\"wp-caption-text gallery-caption\" id=\"gallery-1-1705\">\n\t\t\t\tChancellor Angela Merkel in Kiel October 3rd, 2019 Unity Day\n\t\t\t\t<\/dd><\/dl><br style=\"clear: both\"><dl class=\"gallery-item\">\n\t\t\t<dt class=\"gallery-icon landscape\">\n\t\t\t\t<a data-rel=\"iLightbox[postimages]\" data-title=\"Angela Merkel in Kiel\" data-caption=\"Angela Merkel Kiel Maritime Museum 03.10.2019 Day of German Unity\" href=\"https:\/\/welovekiel.com\/wp-content\/uploads\/angela-merkel-kiel-schifffahrtsmuseum-2019.jpg\" title=\"Angela Merkel in Kiel\" data-description=\"Angela Merkel Kiel Maritime Museum 03.10.2019 Day of German Unity\"><img decoding=\"async\" width=\"1200\" height=\"800\" src=\"https:\/\/welovekiel.com\/wp-content\/uploads\/angela-merkel-kiel-schifffahrtsmuseum-2019.jpg\" class=\"attachment-800 size-800 lazyload\" alt=\"Angela Merkel Kiel Maritime Museum 03.10.2019 Day of German Unity\" aria-describedby=\"gallery-1-1723\" srcset=\"data:image\/svg+xml,%3Csvg%20xmlns%3D%27http%3A%2F%2Fwww.w3.org%2F2000%2Fsvg%27%20width%3D%271200%27%20height%3D%27800%27%20viewBox%3D%270%200%201200%20800%27%3E%3Crect%20width%3D%271200%27%20height%3D%27800%27%20fill-opacity%3D%220%22%2F%3E%3C%2Fsvg%3E\" data-orig-src=\"https:\/\/welovekiel.com\/wp-content\/uploads\/angela-merkel-kiel-schifffahrtsmuseum-2019.jpg\" data-srcset=\"https:\/\/welovekiel.com\/wp-content\/uploads\/angela-merkel-kiel-schifffahrtsmuseum-2019-200x133.jpg 200w, https:\/\/welovekiel.com\/wp-content\/uploads\/angela-merkel-kiel-schifffahrtsmuseum-2019-300x200.jpg 300w, https:\/\/welovekiel.com\/wp-content\/uploads\/angela-merkel-kiel-schifffahrtsmuseum-2019-400x267.jpg 400w, https:\/\/welovekiel.com\/wp-content\/uploads\/angela-merkel-kiel-schifffahrtsmuseum-2019-600x400.jpg 600w, https:\/\/welovekiel.com\/wp-content\/uploads\/angela-merkel-kiel-schifffahrtsmuseum-2019-768x512.jpg 768w, https:\/\/welovekiel.com\/wp-content\/uploads\/angela-merkel-kiel-schifffahrtsmuseum-2019-800x533.jpg 800w, https:\/\/welovekiel.com\/wp-content\/uploads\/angela-merkel-kiel-schifffahrtsmuseum-2019-1024x683.jpg 1024w, https:\/\/welovekiel.com\/wp-content\/uploads\/angela-merkel-kiel-schifffahrtsmuseum-2019.jpg 1200w\" data-sizes=\"auto\"><\/a>\n\t\t\t<\/dt>\n\t\t\t\t<dd class=\"wp-caption-text gallery-caption\" id=\"gallery-1-1723\">\n\t\t\t\tAngela Merkel Kiel Maritime Museum 03.10.2019 Day of German Unity\n\t\t\t\t<\/dd><\/dl><br style=\"clear: both\"><dl class=\"gallery-item\">\n\t\t\t<dt class=\"gallery-icon landscape\">\n\t\t\t\t<a data-rel=\"iLightbox[postimages]\" data-title=\"Angela Merkel &amp; Frank-Walter Steinmeier Kiel\" data-caption=\"Angela Merkel &amp; Frank-Walter Steinmeier Kiel 03.10.2019 Unity Day\" href=\"https:\/\/welovekiel.com\/wp-content\/uploads\/angela-merkel-und-frank-walter-steinmeier-kiel-2019.jpg\" title=\"Angela Merkel &amp;amp; Frank-Walter Steinmeier Kiel\" data-description=\"Angela Merkel &amp;amp; Frank-Walter Steinmeier Kiel 03.10.2019 Unity Day\"><img decoding=\"async\" width=\"1200\" height=\"800\" src=\"https:\/\/welovekiel.com\/wp-content\/uploads\/angela-merkel-und-frank-walter-steinmeier-kiel-2019.jpg\" class=\"attachment-800 size-800 lazyload\" alt=\"Angela Merkel &amp; Frank-Walter Steinmeier Kiel 03.10.2019 Unity Day\" aria-describedby=\"gallery-1-1729\" srcset=\"data:image\/svg+xml,%3Csvg%20xmlns%3D%27http%3A%2F%2Fwww.w3.org%2F2000%2Fsvg%27%20width%3D%271200%27%20height%3D%27800%27%20viewBox%3D%270%200%201200%20800%27%3E%3Crect%20width%3D%271200%27%20height%3D%27800%27%20fill-opacity%3D%220%22%2F%3E%3C%2Fsvg%3E\" data-orig-src=\"https:\/\/welovekiel.com\/wp-content\/uploads\/angela-merkel-und-frank-walter-steinmeier-kiel-2019.jpg\" data-srcset=\"https:\/\/welovekiel.com\/wp-content\/uploads\/angela-merkel-und-frank-walter-steinmeier-kiel-2019-200x133.jpg 200w, https:\/\/welovekiel.com\/wp-content\/uploads\/angela-merkel-und-frank-walter-steinmeier-kiel-2019-300x200.jpg 300w, https:\/\/welovekiel.com\/wp-content\/uploads\/angela-merkel-und-frank-walter-steinmeier-kiel-2019-400x267.jpg 400w, https:\/\/welovekiel.com\/wp-content\/uploads\/angela-merkel-und-frank-walter-steinmeier-kiel-2019-600x400.jpg 600w, https:\/\/welovekiel.com\/wp-content\/uploads\/angela-merkel-und-frank-walter-steinmeier-kiel-2019-768x512.jpg 768w, https:\/\/welovekiel.com\/wp-content\/uploads\/angela-merkel-und-frank-walter-steinmeier-kiel-2019-800x533.jpg 800w, https:\/\/welovekiel.com\/wp-content\/uploads\/angela-merkel-und-frank-walter-steinmeier-kiel-2019-1024x683.jpg 1024w, https:\/\/welovekiel.com\/wp-content\/uploads\/angela-merkel-und-frank-walter-steinmeier-kiel-2019.jpg 1200w\" data-sizes=\"auto\"><\/a>\n\t\t\t<\/dt>\n\t\t\t\t<dd class=\"wp-caption-text gallery-caption\" id=\"gallery-1-1729\">\n\t\t\t\tAngela Merkel &amp; Frank-Walter Steinmeier Kiel 03.10.2019 Unity Day\n\t\t\t\t<\/dd><\/dl><br style=\"clear: both\">\n\t\t<\/div>\n\n<h2>Picture gallery<\/h2>\n<\/div><div class=\"fusion-alert alert custom alert-custom fusion-alert-center \" role=\"alert\" style=\"background-color:#ffffff;color:#808080;border-color:#808080;border-width:1px;\"><div class=\"fusion-alert-content-wrapper\"><span class=\"alert-icon\"><i class=\"fa-camera fas\" aria-hidden=\"true\"><\/i><\/span><span class=\"fusion-alert-content\">More photos: <a title=\"To the picture galleries Day of German Unity 2019\" href=\"https:\/\/welovekiel.com\/de\/galleries\/event\/tag-der-deutschen-einheit\/\">Photo galleries Day of German Unity 2019<\/a><\/span><\/div><\/div><div class=\"fusion-clearfix\"><\/div><\/div><\/div><\/div><\/div>\n","protected":false},"excerpt":{"rendered":"","protected":false},"author":2,"featured_media":1715,"comment_status":"open","ping_status":"open","sticky":false,"template":"","format":"standard","meta":{"footnotes":""},"categories":[1206],"tags":[1926,1390,1925,1924,1395,1391],"class_list":["post-10915","post","type-post","status-publish","format-standard","has-post-thumbnail","hentry","category-general","tag-angela-markel-en","tag-daniel-guenther-en","tag-day-of-german-unity","tag-maritime-museum","tag-politician","tag-ulf-kaempfer-en","gallery-content-unit"],"aioseo_notices":[],"aioseo_head":"\n\t\t<!-- All in One SEO 4.9.10 - aioseo.com -->\n\t<meta name=\"description\" content=\"Politicians in Kiel: Angela Merkel, Frank-Walter Steinmeier in the Kiel Maritime Museum on German Unity Day 2019 together with Kiel&#039;s Lord Mayor Ulf K\u00e4mpfer, Prime Minister Daniel G\u00fcnther and other politicians.\" \/>\n\t<meta name=\"robots\" content=\"max-image-preview:large\" \/>\n\t<meta name=\"author\" content=\"Christian Gewiese\"\/>\n\t<meta name=\"keywords\" content=\"angela merkel,frank-walter steinmeier,kiel,tag der deutschen einheit,kieler schifffahrtsmuseum,ulf k\u00e4mpfer,daniel g\u00fcnther,angela markel,day of german unity,maritime museum,politician,general\" \/>\n\t<link rel=\"canonical\" href=\"https:\/\/welovekiel.com\/en\/angela-merkel-frank-walter-steinmeier-kiel-day-of-unity-2019-10915\/\" \/>\n\t<meta name=\"generator\" content=\"All in One SEO (AIOSEO) 4.9.10\" \/>\n\t\t<meta property=\"og:locale\" content=\"en_US\" \/>\n\t\t<meta property=\"og:site_name\" content=\"We love Kiel |\" \/>\n\t\t<meta property=\"og:type\" content=\"article\" \/>\n\t\t<meta property=\"og:title\" content=\"Angela Merkel and Frank-Walter Steinmeier in the Kiel Maritime Museum on the Day of German Unity | We love Kiel\" \/>\n\t\t<meta property=\"og:description\" content=\"Politicians in Kiel: Angela Merkel, Frank-Walter Steinmeier in the Kiel Maritime Museum on German Unity Day 2019 together with Kiel&#039;s Lord Mayor Ulf K\u00e4mpfer, Prime Minister Daniel G\u00fcnther and other politicians.\" \/>\n\t\t<meta property=\"og:url\" content=\"https:\/\/welovekiel.com\/en\/angela-merkel-frank-walter-steinmeier-kiel-day-of-unity-2019-10915\/\" \/>\n\t\t<meta property=\"article:published_time\" content=\"2019-10-04T14:51:39+00:00\" \/>\n\t\t<meta property=\"article:modified_time\" content=\"2022-08-03T21:30:05+00:00\" \/>\n\t\t<meta property=\"article:publisher\" content=\"https:\/\/www.facebook.com\/WeLoveKielCity\/\" \/>\n\t\t<meta name=\"twitter:card\" content=\"summary\" \/>\n\t\t<meta name=\"twitter:title\" content=\"Angela Merkel and Frank-Walter Steinmeier in the Kiel Maritime Museum on the Day of German Unity | We love Kiel\" \/>\n\t\t<meta name=\"twitter:description\" content=\"Politicians in Kiel: Angela Merkel, Frank-Walter Steinmeier in the Kiel Maritime Museum on German Unity Day 2019 together with Kiel&#039;s Lord Mayor Ulf K\u00e4mpfer, Prime Minister Daniel G\u00fcnther and other politicians.\" \/>\n\t\t<script type=\"application\/ld+json\" class=\"aioseo-schema\">\n\t\t\t{\"@context\":\"https:\\\/\\\/schema.org\",\"@graph\":[{\"@type\":\"Article\",\"@id\":\"https:\\\/\\\/welovekiel.com\\\/en\\\/angela-merkel-frank-walter-steinmeier-kiel-day-of-unity-2019-10915\\\/#article\",\"name\":\"Angela Merkel and Frank-Walter Steinmeier in the Kiel Maritime Museum on the Day of German Unity | We love Kiel\",\"headline\":\"Angela Merkel and Frank-Walter Steinmeier in the Kiel Maritime Museum on German Unity Day\",\"author\":{\"@id\":\"https:\\\/\\\/welovekiel.com\\\/en\\\/author\\\/christian\\\/#author\"},\"publisher\":{\"@id\":\"https:\\\/\\\/welovekiel.com\\\/en\\\/#organization\"},\"image\":{\"@type\":\"ImageObject\",\"url\":\"https:\\\/\\\/welovekiel.com\\\/wp-content\\\/uploads\\\/angela-merkel-frank-walter-steinmeier-daniel-guenther-kiel-2019.jpg\",\"width\":1200,\"height\":800,\"caption\":\"Merkel &amp; Steinmeier in Kiel on October 3rd, 2019, Day of German Unity\"},\"datePublished\":\"2019-10-04T16:51:39+02:00\",\"dateModified\":\"2022-08-03T23:30:05+02:00\",\"inLanguage\":\"en-US\",\"mainEntityOfPage\":{\"@id\":\"https:\\\/\\\/welovekiel.com\\\/en\\\/angela-merkel-frank-walter-steinmeier-kiel-day-of-unity-2019-10915\\\/#webpage\"},\"isPartOf\":{\"@id\":\"https:\\\/\\\/welovekiel.com\\\/en\\\/angela-merkel-frank-walter-steinmeier-kiel-day-of-unity-2019-10915\\\/#webpage\"},\"articleSection\":\"General, Angela Markel, Daniel G\\u00fcnther, Day of German unity, Maritime Museum, Politician, Ulf K\\u00e4mpfer, Optional\"},{\"@type\":\"BreadcrumbList\",\"@id\":\"https:\\\/\\\/welovekiel.com\\\/en\\\/angela-merkel-frank-walter-steinmeier-kiel-day-of-unity-2019-10915\\\/#breadcrumblist\",\"itemListElement\":[{\"@type\":\"ListItem\",\"@id\":\"https:\\\/\\\/welovekiel.com\\\/en\\\/#listItem\",\"position\":1,\"name\":\"Home\",\"item\":\"https:\\\/\\\/welovekiel.com\\\/en\\\/\",\"nextItem\":{\"@type\":\"ListItem\",\"@id\":\"https:\\\/\\\/welovekiel.com\\\/en\\\/category\\\/general\\\/#listItem\",\"name\":\"General\"}},{\"@type\":\"ListItem\",\"@id\":\"https:\\\/\\\/welovekiel.com\\\/en\\\/category\\\/general\\\/#listItem\",\"position\":2,\"name\":\"General\",\"item\":\"https:\\\/\\\/welovekiel.com\\\/en\\\/category\\\/general\\\/\",\"nextItem\":{\"@type\":\"ListItem\",\"@id\":\"https:\\\/\\\/welovekiel.com\\\/en\\\/angela-merkel-frank-walter-steinmeier-kiel-day-of-unity-2019-10915\\\/#listItem\",\"name\":\"Angela Merkel and Frank-Walter Steinmeier in the Kiel Maritime Museum on German Unity Day\"},\"previousItem\":{\"@type\":\"ListItem\",\"@id\":\"https:\\\/\\\/welovekiel.com\\\/en\\\/#listItem\",\"name\":\"Home\"}},{\"@type\":\"ListItem\",\"@id\":\"https:\\\/\\\/welovekiel.com\\\/en\\\/angela-merkel-frank-walter-steinmeier-kiel-day-of-unity-2019-10915\\\/#listItem\",\"position\":3,\"name\":\"Angela Merkel and Frank-Walter Steinmeier in the Kiel Maritime Museum on German Unity Day\",\"previousItem\":{\"@type\":\"ListItem\",\"@id\":\"https:\\\/\\\/welovekiel.com\\\/en\\\/category\\\/general\\\/#listItem\",\"name\":\"General\"}}]},{\"@type\":\"Organization\",\"@id\":\"https:\\\/\\\/welovekiel.com\\\/en\\\/#organization\",\"name\":\"We love Kiel\",\"url\":\"https:\\\/\\\/welovekiel.com\\\/en\\\/\",\"sameAs\":[\"https:\\\/\\\/www.facebook.com\\\/WeLoveKielCity\\\/\",\"https:\\\/\\\/www.instagram.com\\\/welovekiel\\\/\"]},{\"@type\":\"Person\",\"@id\":\"https:\\\/\\\/welovekiel.com\\\/en\\\/author\\\/christian\\\/#author\",\"url\":\"https:\\\/\\\/welovekiel.com\\\/en\\\/author\\\/christian\\\/\",\"name\":\"Christian Gewiese\",\"image\":{\"@type\":\"ImageObject\",\"@id\":\"https:\\\/\\\/welovekiel.com\\\/en\\\/angela-merkel-frank-walter-steinmeier-kiel-day-of-unity-2019-10915\\\/#authorImage\",\"url\":\"https:\\\/\\\/secure.gravatar.com\\\/avatar\\\/97707923f9bed63dfb3bbdf8065fadb426aa1508b119d1c175a90c8939cbdb88?s=96&d=mm&r=g\",\"width\":96,\"height\":96,\"caption\":\"Christian Gewiese\"}},{\"@type\":\"WebPage\",\"@id\":\"https:\\\/\\\/welovekiel.com\\\/en\\\/angela-merkel-frank-walter-steinmeier-kiel-day-of-unity-2019-10915\\\/#webpage\",\"url\":\"https:\\\/\\\/welovekiel.com\\\/en\\\/angela-merkel-frank-walter-steinmeier-kiel-day-of-unity-2019-10915\\\/\",\"name\":\"Angela Merkel and Frank-Walter Steinmeier in the Kiel Maritime Museum on the Day of German Unity | We love Kiel\",\"description\":\"Politicians in Kiel: Angela Merkel, Frank-Walter Steinmeier in the Kiel Maritime Museum on German Unity Day 2019 together with Kiel's Lord Mayor Ulf K\\u00e4mpfer, Prime Minister Daniel G\\u00fcnther and other politicians.\",\"inLanguage\":\"en-US\",\"isPartOf\":{\"@id\":\"https:\\\/\\\/welovekiel.com\\\/en\\\/#website\"},\"breadcrumb\":{\"@id\":\"https:\\\/\\\/welovekiel.com\\\/en\\\/angela-merkel-frank-walter-steinmeier-kiel-day-of-unity-2019-10915\\\/#breadcrumblist\"},\"author\":{\"@id\":\"https:\\\/\\\/welovekiel.com\\\/en\\\/author\\\/christian\\\/#author\"},\"creator\":{\"@id\":\"https:\\\/\\\/welovekiel.com\\\/en\\\/author\\\/christian\\\/#author\"},\"image\":{\"@type\":\"ImageObject\",\"url\":\"https:\\\/\\\/welovekiel.com\\\/wp-content\\\/uploads\\\/angela-merkel-frank-walter-steinmeier-daniel-guenther-kiel-2019.jpg\",\"@id\":\"https:\\\/\\\/welovekiel.com\\\/en\\\/angela-merkel-frank-walter-steinmeier-kiel-day-of-unity-2019-10915\\\/#mainImage\",\"width\":1200,\"height\":800,\"caption\":\"Merkel &amp; Steinmeier in Kiel on October 3rd, 2019, Day of German Unity\"},\"primaryImageOfPage\":{\"@id\":\"https:\\\/\\\/welovekiel.com\\\/en\\\/angela-merkel-frank-walter-steinmeier-kiel-day-of-unity-2019-10915\\\/#mainImage\"},\"datePublished\":\"2019-10-04T16:51:39+02:00\",\"dateModified\":\"2022-08-03T23:30:05+02:00\"},{\"@type\":\"WebSite\",\"@id\":\"https:\\\/\\\/welovekiel.com\\\/en\\\/#website\",\"url\":\"https:\\\/\\\/welovekiel.com\\\/en\\\/\",\"name\":\"We love Kiel\",\"inLanguage\":\"en-US\",\"publisher\":{\"@id\":\"https:\\\/\\\/welovekiel.com\\\/en\\\/#organization\"}}]}\n\t\t<\/script>\n\t\t<!-- All in One SEO -->\n\n","aioseo_head_json":{"title":"Angela Merkel and Frank-Walter Steinmeier in the Kiel Maritime Museum on the Day of German Unity | We love Kiel","description":"Politicians in Kiel: Angela Merkel, Frank-Walter Steinmeier in the Kiel Maritime Museum on German Unity Day 2019 together with Kiel's Lord Mayor Ulf K\u00e4mpfer, Prime Minister Daniel G\u00fcnther and other politicians.","canonical_url":"https:\/\/welovekiel.com\/en\/angela-merkel-frank-walter-steinmeier-kiel-day-of-unity-2019-10915\/","robots":"max-image-preview:large","keywords":"angela merkel,frank-walter steinmeier,kiel,tag der deutschen einheit,kieler schifffahrtsmuseum,ulf k\u00e4mpfer,daniel g\u00fcnther,angela markel,day of german unity,maritime museum,politician,general","webmasterTools":{"miscellaneous":""},"schema":{"@context":"https:\/\/schema.org","@graph":[{"@type":"Article","@id":"https:\/\/welovekiel.com\/en\/angela-merkel-frank-walter-steinmeier-kiel-day-of-unity-2019-10915\/#article","name":"Angela Merkel and Frank-Walter Steinmeier in the Kiel Maritime Museum on the Day of German Unity | We love Kiel","headline":"Angela Merkel and Frank-Walter Steinmeier in the Kiel Maritime Museum on German Unity Day","author":{"@id":"https:\/\/welovekiel.com\/en\/author\/christian\/#author"},"publisher":{"@id":"https:\/\/welovekiel.com\/en\/#organization"},"image":{"@type":"ImageObject","url":"https:\/\/welovekiel.com\/wp-content\/uploads\/angela-merkel-frank-walter-steinmeier-daniel-guenther-kiel-2019.jpg","width":1200,"height":800,"caption":"Merkel &amp; Steinmeier in Kiel on October 3rd, 2019, Day of German Unity"},"datePublished":"2019-10-04T16:51:39+02:00","dateModified":"2022-08-03T23:30:05+02:00","inLanguage":"en-US","mainEntityOfPage":{"@id":"https:\/\/welovekiel.com\/en\/angela-merkel-frank-walter-steinmeier-kiel-day-of-unity-2019-10915\/#webpage"},"isPartOf":{"@id":"https:\/\/welovekiel.com\/en\/angela-merkel-frank-walter-steinmeier-kiel-day-of-unity-2019-10915\/#webpage"},"articleSection":"General, Angela Markel, Daniel G\u00fcnther, Day of German unity, Maritime Museum, Politician, Ulf K\u00e4mpfer, Optional"},{"@type":"BreadcrumbList","@id":"https:\/\/welovekiel.com\/en\/angela-merkel-frank-walter-steinmeier-kiel-day-of-unity-2019-10915\/#breadcrumblist","itemListElement":[{"@type":"ListItem","@id":"https:\/\/welovekiel.com\/en\/#listItem","position":1,"name":"Home","item":"https:\/\/welovekiel.com\/en\/","nextItem":{"@type":"ListItem","@id":"https:\/\/welovekiel.com\/en\/category\/general\/#listItem","name":"General"}},{"@type":"ListItem","@id":"https:\/\/welovekiel.com\/en\/category\/general\/#listItem","position":2,"name":"General","item":"https:\/\/welovekiel.com\/en\/category\/general\/","nextItem":{"@type":"ListItem","@id":"https:\/\/welovekiel.com\/en\/angela-merkel-frank-walter-steinmeier-kiel-day-of-unity-2019-10915\/#listItem","name":"Angela Merkel and Frank-Walter Steinmeier in the Kiel Maritime Museum on German Unity Day"},"previousItem":{"@type":"ListItem","@id":"https:\/\/welovekiel.com\/en\/#listItem","name":"Home"}},{"@type":"ListItem","@id":"https:\/\/welovekiel.com\/en\/angela-merkel-frank-walter-steinmeier-kiel-day-of-unity-2019-10915\/#listItem","position":3,"name":"Angela Merkel and Frank-Walter Steinmeier in the Kiel Maritime Museum on German Unity Day","previousItem":{"@type":"ListItem","@id":"https:\/\/welovekiel.com\/en\/category\/general\/#listItem","name":"General"}}]},{"@type":"Organization","@id":"https:\/\/welovekiel.com\/en\/#organization","name":"We love Kiel","url":"https:\/\/welovekiel.com\/en\/","sameAs":["https:\/\/www.facebook.com\/WeLoveKielCity\/","https:\/\/www.instagram.com\/welovekiel\/"]},{"@type":"Person","@id":"https:\/\/welovekiel.com\/en\/author\/christian\/#author","url":"https:\/\/welovekiel.com\/en\/author\/christian\/","name":"Christian Gewiese","image":{"@type":"ImageObject","@id":"https:\/\/welovekiel.com\/en\/angela-merkel-frank-walter-steinmeier-kiel-day-of-unity-2019-10915\/#authorImage","url":"https:\/\/secure.gravatar.com\/avatar\/97707923f9bed63dfb3bbdf8065fadb426aa1508b119d1c175a90c8939cbdb88?s=96&d=mm&r=g","width":96,"height":96,"caption":"Christian Gewiese"}},{"@type":"WebPage","@id":"https:\/\/welovekiel.com\/en\/angela-merkel-frank-walter-steinmeier-kiel-day-of-unity-2019-10915\/#webpage","url":"https:\/\/welovekiel.com\/en\/angela-merkel-frank-walter-steinmeier-kiel-day-of-unity-2019-10915\/","name":"Angela Merkel and Frank-Walter Steinmeier in the Kiel Maritime Museum on the Day of German Unity | We love Kiel","description":"Politicians in Kiel: Angela Merkel, Frank-Walter Steinmeier in the Kiel Maritime Museum on German Unity Day 2019 together with Kiel's Lord Mayor Ulf K\u00e4mpfer, Prime Minister Daniel G\u00fcnther and other politicians.","inLanguage":"en-US","isPartOf":{"@id":"https:\/\/welovekiel.com\/en\/#website"},"breadcrumb":{"@id":"https:\/\/welovekiel.com\/en\/angela-merkel-frank-walter-steinmeier-kiel-day-of-unity-2019-10915\/#breadcrumblist"},"author":{"@id":"https:\/\/welovekiel.com\/en\/author\/christian\/#author"},"creator":{"@id":"https:\/\/welovekiel.com\/en\/author\/christian\/#author"},"image":{"@type":"ImageObject","url":"https:\/\/welovekiel.com\/wp-content\/uploads\/angela-merkel-frank-walter-steinmeier-daniel-guenther-kiel-2019.jpg","@id":"https:\/\/welovekiel.com\/en\/angela-merkel-frank-walter-steinmeier-kiel-day-of-unity-2019-10915\/#mainImage","width":1200,"height":800,"caption":"Merkel &amp; Steinmeier in Kiel on October 3rd, 2019, Day of German Unity"},"primaryImageOfPage":{"@id":"https:\/\/welovekiel.com\/en\/angela-merkel-frank-walter-steinmeier-kiel-day-of-unity-2019-10915\/#mainImage"},"datePublished":"2019-10-04T16:51:39+02:00","dateModified":"2022-08-03T23:30:05+02:00"},{"@type":"WebSite","@id":"https:\/\/welovekiel.com\/en\/#website","url":"https:\/\/welovekiel.com\/en\/","name":"We love Kiel","inLanguage":"en-US","publisher":{"@id":"https:\/\/welovekiel.com\/en\/#organization"}}]},"og:locale":"en_US","og:site_name":"We love Kiel |","og:type":"article","og:title":"Angela Merkel and Frank-Walter Steinmeier in the Kiel Maritime Museum on the Day of German Unity | We love Kiel","og:description":"Politicians in Kiel: Angela Merkel, Frank-Walter Steinmeier in the Kiel Maritime Museum on German Unity Day 2019 together with Kiel's Lord Mayor Ulf K\u00e4mpfer, Prime Minister Daniel G\u00fcnther and other politicians.","og:url":"https:\/\/welovekiel.com\/en\/angela-merkel-frank-walter-steinmeier-kiel-day-of-unity-2019-10915\/","article:published_time":"2019-10-04T14:51:39+00:00","article:modified_time":"2022-08-03T21:30:05+00:00","article:publisher":"https:\/\/www.facebook.com\/WeLoveKielCity\/","twitter:card":"summary","twitter:title":"Angela Merkel and Frank-Walter Steinmeier in the Kiel Maritime Museum on the Day of German Unity | We love Kiel","twitter:description":"Politicians in Kiel: Angela Merkel, Frank-Walter Steinmeier in the Kiel Maritime Museum on German Unity Day 2019 together with Kiel's Lord Mayor Ulf K\u00e4mpfer, Prime Minister Daniel G\u00fcnther and other politicians."},"aioseo_meta_data":{"post_id":"10915","title":"Angela Merkel and Frank-Walter Steinmeier in the Kiel Maritime Museum on the Day of German Unity | #site_title","description":"Politicians in Kiel: Angela Merkel, Frank-Walter Steinmeier in the Kiel Maritime Museum on German Unity Day 2019 together with Kiel's Lord Mayor Ulf K\u00e4mpfer, Prime Minister Daniel G\u00fcnther and other politicians.","keywords":[{"label":"Angela Merkel","value":"Angela Merkel"},{"label":"Frank-Walter Steinmeier","value":"Frank-Walter Steinmeier"},{"label":"Kiel","value":"Kiel"},{"label":"Tag der Deutschen Einheit","value":"Tag der Deutschen Einheit"},{"label":"Kieler Schifffahrtsmuseum","value":"Kieler Schifffahrtsmuseum"},{"label":"Ulf K\u00e4mpfer","value":"Ulf K\u00e4mpfer"},{"label":"Daniel G\u00fcnther","value":"Daniel G\u00fcnther"}],"keyphrases":null,"primary_term":null,"canonical_url":null,"og_title":null,"og_description":null,"og_object_type":"default","og_image_type":"default","og_image_url":null,"og_image_width":null,"og_image_height":null,"og_image_custom_url":null,"og_image_custom_fields":null,"og_video":null,"og_custom_url":null,"og_article_section":null,"og_article_tags":null,"twitter_use_og":false,"twitter_card":"default","twitter_image_type":"default","twitter_image_url":null,"twitter_image_custom_url":null,"twitter_image_custom_fields":null,"twitter_title":null,"twitter_description":null,"schema":{"blockGraphs":[],"customGraphs":[],"default":{"data":{"Article":[],"Course":[],"Dataset":[],"FAQPage":[],"Movie":[],"Person":[],"Product":[],"ProductReview":[],"Car":[],"Recipe":[],"Service":[],"SoftwareApplication":[],"WebPage":[]},"graphName":"","isEnabled":true},"graphs":[]},"schema_type":null,"schema_type_options":null,"pillar_content":false,"robots_default":true,"robots_noindex":false,"robots_noarchive":false,"robots_nosnippet":false,"robots_nofollow":false,"robots_noimageindex":false,"robots_noodp":false,"robots_notranslate":false,"robots_max_snippet":null,"robots_max_videopreview":null,"robots_max_imagepreview":"large","priority":null,"frequency":null,"local_seo":null,"breadcrumb_settings":null,"limit_modified_date":false,"ai":null,"created":"2022-08-03 21:30:05","updated":"2025-08-31 03:24:22","seo_analyzer_scan_date":null},"aioseo_breadcrumb":"<div class=\"aioseo-breadcrumbs\"><span class=\"aioseo-breadcrumb\">\n\t\t\t<a href=\"https:\/\/welovekiel.com\/en\/\" title=\"Home\">Home<\/a>\n\t\t<\/span><span class=\"aioseo-breadcrumb-separator\">&raquo;<\/span><span class=\"aioseo-breadcrumb\">\n\t\t\t<a href=\"https:\/\/welovekiel.com\/en\/category\/general\/\" title=\"General\">General<\/a>\n\t\t<\/span><span class=\"aioseo-breadcrumb-separator\">&raquo;<\/span><span class=\"aioseo-breadcrumb\">\n\t\t\tAngela Merkel and Frank-Walter Steinmeier in the Kiel Maritime Museum on German Unity Day\n\t\t<\/span><\/div>","aioseo_breadcrumb_json":[{"label":"Home","link":"https:\/\/welovekiel.com\/en\/"},{"label":"General","link":"https:\/\/welovekiel.com\/en\/category\/general\/"},{"label":"Angela Merkel and Frank-Walter Steinmeier in the Kiel Maritime Museum on German Unity Day","link":"https:\/\/welovekiel.com\/en\/angela-merkel-frank-walter-steinmeier-kiel-day-of-unity-2019-10915\/"}],"_links":{"self":[{"href":"https:\/\/welovekiel.com\/en\/wp-json\/wp\/v2\/posts\/10915","targetHints":{"allow":["GET"]}}],"collection":[{"href":"https:\/\/welovekiel.com\/en\/wp-json\/wp\/v2\/posts"}],"about":[{"href":"https:\/\/welovekiel.com\/en\/wp-json\/wp\/v2\/types\/post"}],"author":[{"embeddable":true,"href":"https:\/\/welovekiel.com\/en\/wp-json\/wp\/v2\/users\/2"}],"replies":[{"embeddable":true,"href":"https:\/\/welovekiel.com\/en\/wp-json\/wp\/v2\/comments?post=10915"}],"version-history":[{"count":0,"href":"https:\/\/welovekiel.com\/en\/wp-json\/wp\/v2\/posts\/10915\/revisions"}],"wp:featuredmedia":[{"embeddable":true,"href":"https:\/\/welovekiel.com\/en\/wp-json\/wp\/v2\/media\/1715"}],"wp:attachment":[{"href":"https:\/\/welovekiel.com\/en\/wp-json\/wp\/v2\/media?parent=10915"}],"wp:term":[{"taxonomy":"category","embeddable":true,"href":"https:\/\/welovekiel.com\/en\/wp-json\/wp\/v2\/categories?post=10915"},{"taxonomy":"post_tag","embeddable":true,"href":"https:\/\/welovekiel.com\/en\/wp-json\/wp\/v2\/tags?post=10915"}],"curies":[{"name":"wp","href":"https:\/\/api.w.org\/{rel}","templated":true}]}}