{"id":10147,"date":"2022-05-24T12:10:04","date_gmt":"2022-05-24T10:10:04","guid":{"rendered":"https:\/\/welovekiel.com\/partial-closure-on-the-bluecherplatz-on-wednesday-the-25-05-2022-10147\/"},"modified":"2022-05-24T12:16:09","modified_gmt":"2022-05-24T10:16:09","slug":"partial-closure-on-the-bluecherplatz-on-wednesday-the-25-05-2022","status":"publish","type":"post","link":"https:\/\/welovekiel.com\/en\/partial-closure-on-the-bluecherplatz-on-wednesday-the-25-05-2022-10147\/","title":{"rendered":"Partial closure on Bl\u00fccherplatz on Wednesday, May 25th, 2022"},"content":{"rendered":"<p><strong>Partial closure on Kiel&rsquo;s <a href=\"https:\/\/welovekiel.com\/en\/lexicon\/bluecherplatz\/\" target=\"_self\" title=\"\" class=\"encyclopedia\">Bl&uuml;cherplatz<\/a> on Wednesday, May 25th, 2022. Due to the public holiday on Thursday, the weekly market on the Bl&uuml;cher will already take place on Wednesday.<\/strong><\/p>\n<p>Drivers beware, on Wednesday, May 25th, no vehicles are allowed to park in the area marked by the signs on Bl&uuml;cherplatz after midnight. The reason for the partial closure on Bl&uuml;cherplatz in Kiel is the weekly market, which normally takes place on Bl&uuml;cherplatz on Mondays and Thursdays. However, since Thursday is a holiday this week, the weekly market will already take place on Wednesday. The signs <\/p>\n<p> <strong>&ldquo;No parking on Bl&uuml;cherplatz on May 25th from midnight&rdquo; <\/strong> were set up on Monday afternoon while the stalls at the weekly market were being dismantled.<\/p>\n<div id=\"attachment_474\" style=\"width: 810px\" class=\"wp-caption alignnone\"><a href=\"https:\/\/welovekiel.com\/wp-content\/uploads\/wochenmarkt-kiel-gemuese.jpg\"><img decoding=\"async\" aria-describedby=\"caption-attachment-474\" class=\"lazyload size-fusion-800 wp-image-474\" src=\"https:\/\/welovekiel.com\/wp-content\/uploads\/\/wochenmarkt-kiel-gemuese-800x597.jpg\" data-orig-src=\"https:\/\/welovekiel.com\/wp-content\/uploads\/\/wochenmarkt-kiel-gemuese-800x597.jpg\" alt=\"Weekly market in Kiel on Bl&uuml;cherplatz\" width=\"800\" height=\"597\" srcset=\"data:image\/svg+xml,%3Csvg%20xmlns%3D%27http%3A%2F%2Fwww.w3.org%2F2000%2Fsvg%27%20width%3D%27800%27%20height%3D%27597%27%20viewBox%3D%270%200%20800%20597%27%3E%3Crect%20width%3D%27800%27%20height%3D%27597%27%20fill-opacity%3D%220%22%2F%3E%3C%2Fsvg%3E\" data-srcset=\"https:\/\/welovekiel.com\/wp-content\/uploads\/wochenmarkt-kiel-gemuese-200x149.jpg 200w, https:\/\/welovekiel.com\/wp-content\/uploads\/wochenmarkt-kiel-gemuese-300x224.jpg 300w, https:\/\/welovekiel.com\/wp-content\/uploads\/wochenmarkt-kiel-gemuese-400x299.jpg 400w, https:\/\/welovekiel.com\/wp-content\/uploads\/wochenmarkt-kiel-gemuese-600x448.jpg 600w, https:\/\/welovekiel.com\/wp-content\/uploads\/wochenmarkt-kiel-gemuese-768x573.jpg 768w, https:\/\/welovekiel.com\/wp-content\/uploads\/wochenmarkt-kiel-gemuese-800x597.jpg 800w, https:\/\/welovekiel.com\/wp-content\/uploads\/wochenmarkt-kiel-gemuese-1024x765.jpg 1024w, https:\/\/welovekiel.com\/wp-content\/uploads\/wochenmarkt-kiel-gemuese.jpg 1200w\" data-sizes=\"auto\" data-orig-sizes=\"(max-width: 800px) 100vw, 800px\"><\/a><p id=\"caption-attachment-474\" class=\"wp-caption-text\">Weekly market in Kiel on Bl&uuml;cherplatz<\/p><\/div>\n<div id=\"attachment_10142\" style=\"width: 810px\" class=\"wp-caption alignnone\"><a href=\"https:\/\/welovekiel.com\/wp-content\/uploads\/bluecherplatz-kiel-teilsperrung-25-5-2022-wochenmarkt-parkverbot.jpg\"><img decoding=\"async\" aria-describedby=\"caption-attachment-10142\" class=\"lazyload size-fusion-800 wp-image-10142\" src=\"https:\/\/welovekiel.com\/wp-content\/uploads\/\/bluecherplatz-kiel-teilsperrung-25-5-2022-wochenmarkt-parkverbot-800x600.jpg\" data-orig-src=\"https:\/\/welovekiel.com\/wp-content\/uploads\/\/bluecherplatz-kiel-teilsperrung-25-5-2022-wochenmarkt-parkverbot-800x600.jpg\" alt=\"Bl&uuml;cherplatz Kiel Partial closure May 25, 2022 No parking Weekly market\" width=\"800\" height=\"600\" srcset=\"data:image\/svg+xml,%3Csvg%20xmlns%3D%27http%3A%2F%2Fwww.w3.org%2F2000%2Fsvg%27%20width%3D%27800%27%20height%3D%27600%27%20viewBox%3D%270%200%20800%20600%27%3E%3Crect%20width%3D%27800%27%20height%3D%27600%27%20fill-opacity%3D%220%22%2F%3E%3C%2Fsvg%3E\" data-srcset=\"https:\/\/welovekiel.com\/wp-content\/uploads\/bluecherplatz-kiel-teilsperrung-25-5-2022-wochenmarkt-parkverbot-200x150.jpg 200w, https:\/\/welovekiel.com\/wp-content\/uploads\/bluecherplatz-kiel-teilsperrung-25-5-2022-wochenmarkt-parkverbot-300x225.jpg 300w, https:\/\/welovekiel.com\/wp-content\/uploads\/bluecherplatz-kiel-teilsperrung-25-5-2022-wochenmarkt-parkverbot-400x300.jpg 400w, https:\/\/welovekiel.com\/wp-content\/uploads\/bluecherplatz-kiel-teilsperrung-25-5-2022-wochenmarkt-parkverbot-600x450.jpg 600w, https:\/\/welovekiel.com\/wp-content\/uploads\/bluecherplatz-kiel-teilsperrung-25-5-2022-wochenmarkt-parkverbot-768x576.jpg 768w, https:\/\/welovekiel.com\/wp-content\/uploads\/bluecherplatz-kiel-teilsperrung-25-5-2022-wochenmarkt-parkverbot-800x600.jpg 800w, https:\/\/welovekiel.com\/wp-content\/uploads\/bluecherplatz-kiel-teilsperrung-25-5-2022-wochenmarkt-parkverbot-1024x768.jpg 1024w, https:\/\/welovekiel.com\/wp-content\/uploads\/bluecherplatz-kiel-teilsperrung-25-5-2022-wochenmarkt-parkverbot.jpg 1200w\" data-sizes=\"auto\" data-orig-sizes=\"(max-width: 800px) 100vw, 800px\"><\/a><p id=\"caption-attachment-10142\" class=\"wp-caption-text\">Bl&uuml;cherplatz Kiel Partial closure May 25, 2022 No parking Weekly market<\/p><\/div>\n","protected":false},"excerpt":{"rendered":"<p>Partial closure on Kiel&#8217;s Bl\u00fccherplatz on Wednesday, May 25th, 2022. Due to the public holiday on Thursday, the weekly market on the Bl\u00fccher will already take place on Wednesday. Drivers beware, on Wednesday, May 25th, [&hellip;]<\/p>\n","protected":false},"author":2,"featured_media":10132,"comment_status":"open","ping_status":"open","sticky":false,"template":"","format":"standard","meta":{"footnotes":""},"categories":[1419,1206],"tags":[1420,1693,1421,1692],"class_list":["post-10147","post","type-post","status-publish","format-standard","has-post-thumbnail","hentry","category-bluecherplatz-en","category-general","tag-bluecherplatz-en","tag-holiday","tag-no-parking","tag-weekly-market","gallery-content-unit"],"aioseo_notices":[],"aioseo_head":"\n\t\t<!-- All in One SEO 4.9.10 - aioseo.com -->\n\t<meta name=\"description\" content=\"Partial closure on Kiel&#039;s Bl\u00fccherplatz on Wednesday, May 25th, 2022. Due to the public holiday on Thursday, the weekly market on the Bl\u00fccher will already take place on Wednesday.\" \/>\n\t<meta name=\"robots\" content=\"max-image-preview:large\" \/>\n\t<meta name=\"author\" content=\"Christian Gewiese\"\/>\n\t<meta name=\"keywords\" content=\"bl\u00fccherplatz,holiday,no parking,weekly market,general\" \/>\n\t<link rel=\"canonical\" href=\"https:\/\/welovekiel.com\/en\/partial-closure-on-the-bluecherplatz-on-wednesday-the-25-05-2022-10147\/\" \/>\n\t<meta name=\"generator\" content=\"All in One SEO (AIOSEO) 4.9.10\" \/>\n\t\t<meta property=\"og:locale\" content=\"en_US\" \/>\n\t\t<meta property=\"og:site_name\" content=\"We love Kiel |\" \/>\n\t\t<meta property=\"og:type\" content=\"article\" \/>\n\t\t<meta property=\"og:title\" content=\"Partial closure on Bl\u00fccherplatz on Wednesday, May 25th, 2022 | We love Kiel\" \/>\n\t\t<meta property=\"og:description\" content=\"Partial closure on Kiel&#039;s Bl\u00fccherplatz on Wednesday, May 25th, 2022. Due to the public holiday on Thursday, the weekly market on the Bl\u00fccher will already take place on Wednesday.\" \/>\n\t\t<meta property=\"og:url\" content=\"https:\/\/welovekiel.com\/en\/partial-closure-on-the-bluecherplatz-on-wednesday-the-25-05-2022-10147\/\" \/>\n\t\t<meta property=\"article:published_time\" content=\"2022-05-24T10:10:04+00:00\" \/>\n\t\t<meta property=\"article:modified_time\" content=\"2022-05-24T10:16:09+00:00\" \/>\n\t\t<meta property=\"article:publisher\" content=\"https:\/\/www.facebook.com\/WeLoveKielCity\/\" \/>\n\t\t<meta name=\"twitter:card\" content=\"summary\" \/>\n\t\t<meta name=\"twitter:title\" content=\"Partial closure on Bl\u00fccherplatz on Wednesday, May 25th, 2022 | We love Kiel\" \/>\n\t\t<meta name=\"twitter:description\" content=\"Partial closure on Kiel&#039;s Bl\u00fccherplatz on Wednesday, May 25th, 2022. Due to the public holiday on Thursday, the weekly market on the Bl\u00fccher will already take place on Wednesday.\" \/>\n\t\t<script type=\"application\/ld+json\" class=\"aioseo-schema\">\n\t\t\t{\"@context\":\"https:\\\/\\\/schema.org\",\"@graph\":[{\"@type\":\"Article\",\"@id\":\"https:\\\/\\\/welovekiel.com\\\/en\\\/partial-closure-on-the-bluecherplatz-on-wednesday-the-25-05-2022-10147\\\/#article\",\"name\":\"Partial closure on Bl\\u00fccherplatz on Wednesday, May 25th, 2022 | We love Kiel\",\"headline\":\"Partial closure on Bl\\u00fccherplatz on Wednesday, May 25th, 2022\",\"author\":{\"@id\":\"https:\\\/\\\/welovekiel.com\\\/en\\\/author\\\/christian\\\/#author\"},\"publisher\":{\"@id\":\"https:\\\/\\\/welovekiel.com\\\/en\\\/#organization\"},\"image\":{\"@type\":\"ImageObject\",\"url\":\"https:\\\/\\\/welovekiel.com\\\/wp-content\\\/uploads\\\/kiel-bluecherplatz-schilder-teilsperrung-25-5-2022-wochenmarkt-parkverbot.jpg\",\"width\":1200,\"height\":900,\"caption\":\"Kiel Bl\\u00fccherplatz signs partial closure 25.5.2022 no parking weekly market\"},\"datePublished\":\"2022-05-24T12:10:04+02:00\",\"dateModified\":\"2022-05-24T12:16:09+02:00\",\"inLanguage\":\"en-US\",\"mainEntityOfPage\":{\"@id\":\"https:\\\/\\\/welovekiel.com\\\/en\\\/partial-closure-on-the-bluecherplatz-on-wednesday-the-25-05-2022-10147\\\/#webpage\"},\"isPartOf\":{\"@id\":\"https:\\\/\\\/welovekiel.com\\\/en\\\/partial-closure-on-the-bluecherplatz-on-wednesday-the-25-05-2022-10147\\\/#webpage\"},\"articleSection\":\"Bl\\u00fccherplatz, General, Bl\\u00fccherplatz, Holiday, No parking, Weekly market, Optional\"},{\"@type\":\"BreadcrumbList\",\"@id\":\"https:\\\/\\\/welovekiel.com\\\/en\\\/partial-closure-on-the-bluecherplatz-on-wednesday-the-25-05-2022-10147\\\/#breadcrumblist\",\"itemListElement\":[{\"@type\":\"ListItem\",\"@id\":\"https:\\\/\\\/welovekiel.com\\\/en\\\/#listItem\",\"position\":1,\"name\":\"Home\",\"item\":\"https:\\\/\\\/welovekiel.com\\\/en\\\/\",\"nextItem\":{\"@type\":\"ListItem\",\"@id\":\"https:\\\/\\\/welovekiel.com\\\/en\\\/category\\\/general\\\/#listItem\",\"name\":\"General\"}},{\"@type\":\"ListItem\",\"@id\":\"https:\\\/\\\/welovekiel.com\\\/en\\\/category\\\/general\\\/#listItem\",\"position\":2,\"name\":\"General\",\"item\":\"https:\\\/\\\/welovekiel.com\\\/en\\\/category\\\/general\\\/\",\"nextItem\":{\"@type\":\"ListItem\",\"@id\":\"https:\\\/\\\/welovekiel.com\\\/en\\\/partial-closure-on-the-bluecherplatz-on-wednesday-the-25-05-2022-10147\\\/#listItem\",\"name\":\"Partial closure on Bl\\u00fccherplatz on Wednesday, May 25th, 2022\"},\"previousItem\":{\"@type\":\"ListItem\",\"@id\":\"https:\\\/\\\/welovekiel.com\\\/en\\\/#listItem\",\"name\":\"Home\"}},{\"@type\":\"ListItem\",\"@id\":\"https:\\\/\\\/welovekiel.com\\\/en\\\/partial-closure-on-the-bluecherplatz-on-wednesday-the-25-05-2022-10147\\\/#listItem\",\"position\":3,\"name\":\"Partial closure on Bl\\u00fccherplatz on Wednesday, May 25th, 2022\",\"previousItem\":{\"@type\":\"ListItem\",\"@id\":\"https:\\\/\\\/welovekiel.com\\\/en\\\/category\\\/general\\\/#listItem\",\"name\":\"General\"}}]},{\"@type\":\"Organization\",\"@id\":\"https:\\\/\\\/welovekiel.com\\\/en\\\/#organization\",\"name\":\"We love Kiel\",\"url\":\"https:\\\/\\\/welovekiel.com\\\/en\\\/\",\"sameAs\":[\"https:\\\/\\\/www.facebook.com\\\/WeLoveKielCity\\\/\",\"https:\\\/\\\/www.instagram.com\\\/welovekiel\\\/\"]},{\"@type\":\"Person\",\"@id\":\"https:\\\/\\\/welovekiel.com\\\/en\\\/author\\\/christian\\\/#author\",\"url\":\"https:\\\/\\\/welovekiel.com\\\/en\\\/author\\\/christian\\\/\",\"name\":\"Christian Gewiese\",\"image\":{\"@type\":\"ImageObject\",\"@id\":\"https:\\\/\\\/welovekiel.com\\\/en\\\/partial-closure-on-the-bluecherplatz-on-wednesday-the-25-05-2022-10147\\\/#authorImage\",\"url\":\"https:\\\/\\\/secure.gravatar.com\\\/avatar\\\/97707923f9bed63dfb3bbdf8065fadb426aa1508b119d1c175a90c8939cbdb88?s=96&d=mm&r=g\",\"width\":96,\"height\":96,\"caption\":\"Christian Gewiese\"}},{\"@type\":\"WebPage\",\"@id\":\"https:\\\/\\\/welovekiel.com\\\/en\\\/partial-closure-on-the-bluecherplatz-on-wednesday-the-25-05-2022-10147\\\/#webpage\",\"url\":\"https:\\\/\\\/welovekiel.com\\\/en\\\/partial-closure-on-the-bluecherplatz-on-wednesday-the-25-05-2022-10147\\\/\",\"name\":\"Partial closure on Bl\\u00fccherplatz on Wednesday, May 25th, 2022 | We love Kiel\",\"description\":\"Partial closure on Kiel's Bl\\u00fccherplatz on Wednesday, May 25th, 2022. Due to the public holiday on Thursday, the weekly market on the Bl\\u00fccher will already take place on Wednesday.\",\"inLanguage\":\"en-US\",\"isPartOf\":{\"@id\":\"https:\\\/\\\/welovekiel.com\\\/en\\\/#website\"},\"breadcrumb\":{\"@id\":\"https:\\\/\\\/welovekiel.com\\\/en\\\/partial-closure-on-the-bluecherplatz-on-wednesday-the-25-05-2022-10147\\\/#breadcrumblist\"},\"author\":{\"@id\":\"https:\\\/\\\/welovekiel.com\\\/en\\\/author\\\/christian\\\/#author\"},\"creator\":{\"@id\":\"https:\\\/\\\/welovekiel.com\\\/en\\\/author\\\/christian\\\/#author\"},\"image\":{\"@type\":\"ImageObject\",\"url\":\"https:\\\/\\\/welovekiel.com\\\/wp-content\\\/uploads\\\/kiel-bluecherplatz-schilder-teilsperrung-25-5-2022-wochenmarkt-parkverbot.jpg\",\"@id\":\"https:\\\/\\\/welovekiel.com\\\/en\\\/partial-closure-on-the-bluecherplatz-on-wednesday-the-25-05-2022-10147\\\/#mainImage\",\"width\":1200,\"height\":900,\"caption\":\"Kiel Bl\\u00fccherplatz signs partial closure 25.5.2022 no parking weekly market\"},\"primaryImageOfPage\":{\"@id\":\"https:\\\/\\\/welovekiel.com\\\/en\\\/partial-closure-on-the-bluecherplatz-on-wednesday-the-25-05-2022-10147\\\/#mainImage\"},\"datePublished\":\"2022-05-24T12:10:04+02:00\",\"dateModified\":\"2022-05-24T12:16:09+02:00\"},{\"@type\":\"WebSite\",\"@id\":\"https:\\\/\\\/welovekiel.com\\\/en\\\/#website\",\"url\":\"https:\\\/\\\/welovekiel.com\\\/en\\\/\",\"name\":\"We love Kiel\",\"inLanguage\":\"en-US\",\"publisher\":{\"@id\":\"https:\\\/\\\/welovekiel.com\\\/en\\\/#organization\"}}]}\n\t\t<\/script>\n\t\t<!-- All in One SEO -->\n\n","aioseo_head_json":{"title":"Partial closure on Bl\u00fccherplatz on Wednesday, May 25th, 2022 | We love Kiel","description":"Partial closure on Kiel's Bl\u00fccherplatz on Wednesday, May 25th, 2022. Due to the public holiday on Thursday, the weekly market on the Bl\u00fccher will already take place on Wednesday.","canonical_url":"https:\/\/welovekiel.com\/en\/partial-closure-on-the-bluecherplatz-on-wednesday-the-25-05-2022-10147\/","robots":"max-image-preview:large","keywords":"bl\u00fccherplatz,holiday,no parking,weekly market,general","webmasterTools":{"miscellaneous":""},"schema":{"@context":"https:\/\/schema.org","@graph":[{"@type":"Article","@id":"https:\/\/welovekiel.com\/en\/partial-closure-on-the-bluecherplatz-on-wednesday-the-25-05-2022-10147\/#article","name":"Partial closure on Bl\u00fccherplatz on Wednesday, May 25th, 2022 | We love Kiel","headline":"Partial closure on Bl\u00fccherplatz on Wednesday, May 25th, 2022","author":{"@id":"https:\/\/welovekiel.com\/en\/author\/christian\/#author"},"publisher":{"@id":"https:\/\/welovekiel.com\/en\/#organization"},"image":{"@type":"ImageObject","url":"https:\/\/welovekiel.com\/wp-content\/uploads\/kiel-bluecherplatz-schilder-teilsperrung-25-5-2022-wochenmarkt-parkverbot.jpg","width":1200,"height":900,"caption":"Kiel Bl\u00fccherplatz signs partial closure 25.5.2022 no parking weekly market"},"datePublished":"2022-05-24T12:10:04+02:00","dateModified":"2022-05-24T12:16:09+02:00","inLanguage":"en-US","mainEntityOfPage":{"@id":"https:\/\/welovekiel.com\/en\/partial-closure-on-the-bluecherplatz-on-wednesday-the-25-05-2022-10147\/#webpage"},"isPartOf":{"@id":"https:\/\/welovekiel.com\/en\/partial-closure-on-the-bluecherplatz-on-wednesday-the-25-05-2022-10147\/#webpage"},"articleSection":"Bl\u00fccherplatz, General, Bl\u00fccherplatz, Holiday, No parking, Weekly market, Optional"},{"@type":"BreadcrumbList","@id":"https:\/\/welovekiel.com\/en\/partial-closure-on-the-bluecherplatz-on-wednesday-the-25-05-2022-10147\/#breadcrumblist","itemListElement":[{"@type":"ListItem","@id":"https:\/\/welovekiel.com\/en\/#listItem","position":1,"name":"Home","item":"https:\/\/welovekiel.com\/en\/","nextItem":{"@type":"ListItem","@id":"https:\/\/welovekiel.com\/en\/category\/general\/#listItem","name":"General"}},{"@type":"ListItem","@id":"https:\/\/welovekiel.com\/en\/category\/general\/#listItem","position":2,"name":"General","item":"https:\/\/welovekiel.com\/en\/category\/general\/","nextItem":{"@type":"ListItem","@id":"https:\/\/welovekiel.com\/en\/partial-closure-on-the-bluecherplatz-on-wednesday-the-25-05-2022-10147\/#listItem","name":"Partial closure on Bl\u00fccherplatz on Wednesday, May 25th, 2022"},"previousItem":{"@type":"ListItem","@id":"https:\/\/welovekiel.com\/en\/#listItem","name":"Home"}},{"@type":"ListItem","@id":"https:\/\/welovekiel.com\/en\/partial-closure-on-the-bluecherplatz-on-wednesday-the-25-05-2022-10147\/#listItem","position":3,"name":"Partial closure on Bl\u00fccherplatz on Wednesday, May 25th, 2022","previousItem":{"@type":"ListItem","@id":"https:\/\/welovekiel.com\/en\/category\/general\/#listItem","name":"General"}}]},{"@type":"Organization","@id":"https:\/\/welovekiel.com\/en\/#organization","name":"We love Kiel","url":"https:\/\/welovekiel.com\/en\/","sameAs":["https:\/\/www.facebook.com\/WeLoveKielCity\/","https:\/\/www.instagram.com\/welovekiel\/"]},{"@type":"Person","@id":"https:\/\/welovekiel.com\/en\/author\/christian\/#author","url":"https:\/\/welovekiel.com\/en\/author\/christian\/","name":"Christian Gewiese","image":{"@type":"ImageObject","@id":"https:\/\/welovekiel.com\/en\/partial-closure-on-the-bluecherplatz-on-wednesday-the-25-05-2022-10147\/#authorImage","url":"https:\/\/secure.gravatar.com\/avatar\/97707923f9bed63dfb3bbdf8065fadb426aa1508b119d1c175a90c8939cbdb88?s=96&d=mm&r=g","width":96,"height":96,"caption":"Christian Gewiese"}},{"@type":"WebPage","@id":"https:\/\/welovekiel.com\/en\/partial-closure-on-the-bluecherplatz-on-wednesday-the-25-05-2022-10147\/#webpage","url":"https:\/\/welovekiel.com\/en\/partial-closure-on-the-bluecherplatz-on-wednesday-the-25-05-2022-10147\/","name":"Partial closure on Bl\u00fccherplatz on Wednesday, May 25th, 2022 | We love Kiel","description":"Partial closure on Kiel's Bl\u00fccherplatz on Wednesday, May 25th, 2022. Due to the public holiday on Thursday, the weekly market on the Bl\u00fccher will already take place on Wednesday.","inLanguage":"en-US","isPartOf":{"@id":"https:\/\/welovekiel.com\/en\/#website"},"breadcrumb":{"@id":"https:\/\/welovekiel.com\/en\/partial-closure-on-the-bluecherplatz-on-wednesday-the-25-05-2022-10147\/#breadcrumblist"},"author":{"@id":"https:\/\/welovekiel.com\/en\/author\/christian\/#author"},"creator":{"@id":"https:\/\/welovekiel.com\/en\/author\/christian\/#author"},"image":{"@type":"ImageObject","url":"https:\/\/welovekiel.com\/wp-content\/uploads\/kiel-bluecherplatz-schilder-teilsperrung-25-5-2022-wochenmarkt-parkverbot.jpg","@id":"https:\/\/welovekiel.com\/en\/partial-closure-on-the-bluecherplatz-on-wednesday-the-25-05-2022-10147\/#mainImage","width":1200,"height":900,"caption":"Kiel Bl\u00fccherplatz signs partial closure 25.5.2022 no parking weekly market"},"primaryImageOfPage":{"@id":"https:\/\/welovekiel.com\/en\/partial-closure-on-the-bluecherplatz-on-wednesday-the-25-05-2022-10147\/#mainImage"},"datePublished":"2022-05-24T12:10:04+02:00","dateModified":"2022-05-24T12:16:09+02:00"},{"@type":"WebSite","@id":"https:\/\/welovekiel.com\/en\/#website","url":"https:\/\/welovekiel.com\/en\/","name":"We love Kiel","inLanguage":"en-US","publisher":{"@id":"https:\/\/welovekiel.com\/en\/#organization"}}]},"og:locale":"en_US","og:site_name":"We love Kiel |","og:type":"article","og:title":"Partial closure on Bl\u00fccherplatz on Wednesday, May 25th, 2022 | We love Kiel","og:description":"Partial closure on Kiel's Bl\u00fccherplatz on Wednesday, May 25th, 2022. Due to the public holiday on Thursday, the weekly market on the Bl\u00fccher will already take place on Wednesday.","og:url":"https:\/\/welovekiel.com\/en\/partial-closure-on-the-bluecherplatz-on-wednesday-the-25-05-2022-10147\/","article:published_time":"2022-05-24T10:10:04+00:00","article:modified_time":"2022-05-24T10:16:09+00:00","article:publisher":"https:\/\/www.facebook.com\/WeLoveKielCity\/","twitter:card":"summary","twitter:title":"Partial closure on Bl\u00fccherplatz on Wednesday, May 25th, 2022 | We love Kiel","twitter:description":"Partial closure on Kiel's Bl\u00fccherplatz on Wednesday, May 25th, 2022. Due to the public holiday on Thursday, the weekly market on the Bl\u00fccher will already take place on Wednesday."},"aioseo_meta_data":{"post_id":"10147","title":null,"description":"Partial closure on Kiel's Bl\u00fccherplatz on Wednesday, May 25th, 2022. Due to the public holiday on Thursday, the weekly market on the Bl\u00fccher will already take place on Wednesday.","keywords":[],"keyphrases":{"focus":{"keyphrase":"Bl\u00fccherplatz","score":92,"analysis":{"keyphraseInTitle":{"title":"Focus keyphrase in SEO title","description":"Focus keyphrase found in SEO title.","score":9,"maxScore":9,"error":0},"keyphraseInDescription":{"title":"Focus keyphrase in meta description","description":"Focus keyphrase found in meta description.","score":9,"maxScore":9,"error":0},"keyphraseLength":{"title":"Focus keyphrase length","description":"Good job!","score":9,"maxScore":9,"error":0,"length":1},"keyphraseInURL":{"title":"Focus keyphrase in URL","description":"Focus keyphrase not found in the URL.","score":1,"maxScore":5,"error":1},"keyphraseInIntroduction":{"title":"Focus keyphrase in introduction","description":"Your Focus keyphrase appears in the first paragraph. Well done!","score":9,"maxScore":9,"error":0},"keyphraseInSubHeadings":[],"keyphraseInImageAlt":{"title":"Focus keyphrase in image alt attributes","description":"Focus keyphrase found in image alt attribute(s).","score":9,"maxScore":9,"error":0}}},"additional":[]},"primary_term":null,"canonical_url":null,"og_title":null,"og_description":null,"og_object_type":"default","og_image_type":"default","og_image_url":null,"og_image_width":null,"og_image_height":null,"og_image_custom_url":null,"og_image_custom_fields":null,"og_video":"","og_custom_url":null,"og_article_section":null,"og_article_tags":[],"twitter_use_og":false,"twitter_card":"default","twitter_image_type":"default","twitter_image_url":null,"twitter_image_custom_url":null,"twitter_image_custom_fields":null,"twitter_title":null,"twitter_description":null,"schema":{"blockGraphs":[],"customGraphs":[],"default":{"data":{"Article":{"id":"aioseo-article-63564f71635cf","slug":"article","graphName":"Article","label":"Article","properties":{"type":"BlogPosting","name":"#post_title","headline":"#post_title","description":"#post_excerpt","image":"","keywords":"","author":{"name":"#author_name","url":"#author_url"},"dates":{"include":true,"datePublished":"","dateModified":""}}},"Course":[],"Dataset":[],"FAQPage":[],"Movie":[],"Person":[],"Product":[],"ProductReview":[],"Car":[],"Recipe":[],"Service":[],"SoftwareApplication":[],"WebPage":[]},"graphName":"Article","isEnabled":true},"graphs":[]},"schema_type":"default","schema_type_options":"{\"article\":{\"articleType\":\"BlogPosting\"},\"course\":{\"name\":\"\",\"description\":\"\",\"provider\":\"\"},\"faq\":{\"pages\":[]},\"product\":{\"reviews\":[]},\"recipe\":{\"ingredients\":[],\"instructions\":[],\"keywords\":[]},\"software\":{\"reviews\":[],\"operatingSystems\":[]},\"webPage\":{\"webPageType\":\"WebPage\"}}","pillar_content":false,"robots_default":true,"robots_noindex":false,"robots_noarchive":false,"robots_nosnippet":false,"robots_nofollow":false,"robots_noimageindex":false,"robots_noodp":false,"robots_notranslate":false,"robots_max_snippet":"-1","robots_max_videopreview":"-1","robots_max_imagepreview":"large","priority":null,"frequency":"default","local_seo":null,"breadcrumb_settings":null,"limit_modified_date":false,"ai":null,"created":"2022-05-24 10:16:08","updated":"2026-06-30 18:05:42","seo_analyzer_scan_date":null},"aioseo_breadcrumb":"<div class=\"aioseo-breadcrumbs\"><span class=\"aioseo-breadcrumb\">\n\t\t\t<a href=\"https:\/\/welovekiel.com\/en\/\" title=\"Home\">Home<\/a>\n\t\t<\/span><span class=\"aioseo-breadcrumb-separator\">&raquo;<\/span><span class=\"aioseo-breadcrumb\">\n\t\t\t<a href=\"https:\/\/welovekiel.com\/en\/category\/general\/\" title=\"General\">General<\/a>\n\t\t<\/span><span class=\"aioseo-breadcrumb-separator\">&raquo;<\/span><span class=\"aioseo-breadcrumb\">\n\t\t\tPartial closure on Bl\u00fccherplatz on Wednesday, May 25th, 2022\n\t\t<\/span><\/div>","aioseo_breadcrumb_json":[{"label":"Home","link":"https:\/\/welovekiel.com\/en\/"},{"label":"General","link":"https:\/\/welovekiel.com\/en\/category\/general\/"},{"label":"Partial closure on Bl\u00fccherplatz on Wednesday, May 25th, 2022","link":"https:\/\/welovekiel.com\/en\/partial-closure-on-the-bluecherplatz-on-wednesday-the-25-05-2022-10147\/"}],"_links":{"self":[{"href":"https:\/\/welovekiel.com\/en\/wp-json\/wp\/v2\/posts\/10147","targetHints":{"allow":["GET"]}}],"collection":[{"href":"https:\/\/welovekiel.com\/en\/wp-json\/wp\/v2\/posts"}],"about":[{"href":"https:\/\/welovekiel.com\/en\/wp-json\/wp\/v2\/types\/post"}],"author":[{"embeddable":true,"href":"https:\/\/welovekiel.com\/en\/wp-json\/wp\/v2\/users\/2"}],"replies":[{"embeddable":true,"href":"https:\/\/welovekiel.com\/en\/wp-json\/wp\/v2\/comments?post=10147"}],"version-history":[{"count":0,"href":"https:\/\/welovekiel.com\/en\/wp-json\/wp\/v2\/posts\/10147\/revisions"}],"wp:featuredmedia":[{"embeddable":true,"href":"https:\/\/welovekiel.com\/en\/wp-json\/wp\/v2\/media\/10132"}],"wp:attachment":[{"href":"https:\/\/welovekiel.com\/en\/wp-json\/wp\/v2\/media?parent=10147"}],"wp:term":[{"taxonomy":"category","embeddable":true,"href":"https:\/\/welovekiel.com\/en\/wp-json\/wp\/v2\/categories?post=10147"},{"taxonomy":"post_tag","embeddable":true,"href":"https:\/\/welovekiel.com\/en\/wp-json\/wp\/v2\/tags?post=10147"}],"curies":[{"name":"wp","href":"https:\/\/api.w.org\/{rel}","templated":true}]}}