{"id":9256,"date":"2022-04-21T19:05:38","date_gmt":"2022-04-21T17:05:38","guid":{"rendered":"https:\/\/welovekiel.com\/?p=9256"},"modified":"2022-04-21T19:05:38","modified_gmt":"2022-04-21T17:05:38","slug":"teilsperrung-bluecherplatz-samstag-23-04-2022","status":"publish","type":"post","link":"https:\/\/welovekiel.com\/de\/teilsperrung-bluecherplatz-samstag-23-04-2022-9256\/","title":{"rendered":"Teilsperrung auf dem Bl\u00fccherplatz am Samstag, den 23.04.2022"},"content":{"rendered":"<p><strong>Teilsperrung auf dem Kieler <a href=\"https:\/\/welovekiel.com\/de\/lexikon\/bluecherplatz\/\" target=\"_self\" title=\"\" class=\"encyclopedia\">Bl&uuml;cherplatz<\/a> am Samstag, den 23.04.2022 aufgrund einer Demonstration, die am Samstagmittag auf dem Bl&uuml;cher stattfindet.<\/strong><\/p>\n<p>Autofahrer aufgepasst: Am Samstag, den 23. April d&uuml;rfen keine Fahrzeuge zwischen 12.00 und ca. 16.00 Uhr auf der n&ouml;rdlichen H&auml;lfte des Bl&uuml;chers parken. Grund f&uuml;r die Teilsperrung auf dem Bl&uuml;cherplatz Kiel ist die Demonstration &bdquo;Wohnen ist ein Menschenrecht!&ldquo;, die am Samstag um 11.00 Uhr auf dem Platz der Matrosen am Kieler Hauptbahnhof startet und mit einer Abschlussveranstaltung auf dem Bl&uuml;cherplatz gegen 16.00 Uhr endet.<\/p>\n<p>Veranstalter dieser Demonstration ist das B&uuml;ndnis f&uuml;r bezahlbaren Wohnraum in Kiel.<\/p>\n<p>Die ersten Absperrungen und Hinweisschilder wurden bereits ab Donnerstagmittag aufgestellt, w&auml;hrend die St&auml;nde des Wochenmarkts abgebaut wurden.<\/p>\n<div id=\"attachment_473\" style=\"width: 810px\" class=\"wp-caption alignnone\"><a href=\"https:\/\/welovekiel.com\/wp-content\/uploads\/wochenmarkt-kiel-gemuese.jpg\"><img decoding=\"async\" aria-describedby=\"caption-attachment-473\" class=\"lazyload size-fusion-800 wp-image-473\" src=\"https:\/\/welovekiel.com\/wp-content\/uploads\/wochenmarkt-kiel-gemuese-800x597.jpg\" data-orig-src=\"https:\/\/welovekiel.com\/wp-content\/uploads\/wochenmarkt-kiel-gemuese-800x597.jpg\" alt=\"Wochenmarkt in Kiel auf dem Bl&uuml;cherplatz\" width=\"800\" height=\"597\" srcset=\"data:image\/svg+xml,%3Csvg%20xmlns%3D%27http%3A%2F%2Fwww.w3.org%2F2000%2Fsvg%27%20width%3D%27800%27%20height%3D%27597%27%20viewBox%3D%270%200%20800%20597%27%3E%3Crect%20width%3D%27800%27%20height%3D%27597%27%20fill-opacity%3D%220%22%2F%3E%3C%2Fsvg%3E\" data-srcset=\"https:\/\/welovekiel.com\/wp-content\/uploads\/wochenmarkt-kiel-gemuese-200x149.jpg 200w, https:\/\/welovekiel.com\/wp-content\/uploads\/wochenmarkt-kiel-gemuese-300x224.jpg 300w, https:\/\/welovekiel.com\/wp-content\/uploads\/wochenmarkt-kiel-gemuese-400x299.jpg 400w, https:\/\/welovekiel.com\/wp-content\/uploads\/wochenmarkt-kiel-gemuese-600x448.jpg 600w, https:\/\/welovekiel.com\/wp-content\/uploads\/wochenmarkt-kiel-gemuese-768x573.jpg 768w, https:\/\/welovekiel.com\/wp-content\/uploads\/wochenmarkt-kiel-gemuese-800x597.jpg 800w, https:\/\/welovekiel.com\/wp-content\/uploads\/wochenmarkt-kiel-gemuese-1024x765.jpg 1024w, https:\/\/welovekiel.com\/wp-content\/uploads\/wochenmarkt-kiel-gemuese.jpg 1200w\" data-sizes=\"auto\" data-orig-sizes=\"(max-width: 800px) 100vw, 800px\"><\/a><p id=\"caption-attachment-473\" class=\"wp-caption-text\">Wochenmarkt in Kiel auf dem Bl&uuml;cherplatz<\/p><\/div>\n","protected":false},"excerpt":{"rendered":"<p>Teilsperrung auf dem Kieler Bl\u00fccherplatz am Samstag, den 23.04.2022 aufgrund einer Demonstration, die am Samstagmittag auf dem Bl\u00fccher stattfindet. Autofahrer aufgepasst: Am Samstag, den 23. April d\u00fcrfen keine Fahrzeuge zwischen 12.00 und ca. 16.00 Uhr [&hellip;]<\/p>\n","protected":false},"author":2,"featured_media":5825,"comment_status":"open","ping_status":"open","sticky":false,"template":"","format":"standard","meta":{"footnotes":""},"categories":[15,142,690],"tags":[143,1257,245,1309],"class_list":["post-9256","post","type-post","status-publish","format-standard","has-post-thumbnail","hentry","category-allgemein","category-bluecherplatz","category-veranstaltungen-events","tag-bluecherplatz","tag-demonstration","tag-parkverbot","tag-sperrung","gallery-content-unit"],"aioseo_notices":[],"aioseo_head":"\n\t\t<!-- All in One SEO 4.9.10 - aioseo.com -->\n\t<meta name=\"description\" content=\"Teilsperrung auf dem Kieler Bl\u00fccherplatz am Samstag, den 23.04.2022 aufgrund einer Demonstration, die am Samstagmittag auf dem Bl\u00fccher stattfindet.\" \/>\n\t<meta name=\"robots\" content=\"max-image-preview:large\" \/>\n\t<meta name=\"author\" content=\"Christian Gewiese\"\/>\n\t<meta name=\"keywords\" content=\"bl\u00fccherplatz,demonstration,parkverbot,sperrung,allgemein,veranstaltungen &amp; events\" \/>\n\t<link rel=\"canonical\" href=\"https:\/\/welovekiel.com\/de\/teilsperrung-bluecherplatz-samstag-23-04-2022-9256\/\" \/>\n\t<meta name=\"generator\" content=\"All in One SEO (AIOSEO) 4.9.10\" \/>\n\t\t<meta property=\"og:locale\" content=\"de_DE\" \/>\n\t\t<meta property=\"og:site_name\" content=\"We love Kiel |\" \/>\n\t\t<meta property=\"og:type\" content=\"article\" \/>\n\t\t<meta property=\"og:title\" content=\"Teilsperrung auf dem Bl\u00fccherplatz am Samstag, den 23.04.2022 | We love Kiel\" \/>\n\t\t<meta property=\"og:description\" content=\"Teilsperrung auf dem Kieler Bl\u00fccherplatz am Samstag, den 23.04.2022 aufgrund einer Demonstration, die am Samstagmittag auf dem Bl\u00fccher stattfindet.\" \/>\n\t\t<meta property=\"og:url\" content=\"https:\/\/welovekiel.com\/de\/teilsperrung-bluecherplatz-samstag-23-04-2022-9256\/\" \/>\n\t\t<meta property=\"article:published_time\" content=\"2022-04-21T17:05:38+00:00\" \/>\n\t\t<meta property=\"article:modified_time\" content=\"2022-04-21T17:05:38+00:00\" \/>\n\t\t<meta property=\"article:publisher\" content=\"https:\/\/www.facebook.com\/WeLoveKielCity\/\" \/>\n\t\t<meta name=\"twitter:card\" content=\"summary\" \/>\n\t\t<meta name=\"twitter:title\" content=\"Teilsperrung auf dem Bl\u00fccherplatz am Samstag, den 23.04.2022 | We love Kiel\" \/>\n\t\t<meta name=\"twitter:description\" content=\"Teilsperrung auf dem Kieler Bl\u00fccherplatz am Samstag, den 23.04.2022 aufgrund einer Demonstration, die am Samstagmittag auf dem Bl\u00fccher stattfindet.\" \/>\n\t\t<script type=\"application\/ld+json\" class=\"aioseo-schema\">\n\t\t\t{\"@context\":\"https:\\\/\\\/schema.org\",\"@graph\":[{\"@type\":\"Article\",\"@id\":\"https:\\\/\\\/welovekiel.com\\\/de\\\/teilsperrung-bluecherplatz-samstag-23-04-2022-9256\\\/#article\",\"name\":\"Teilsperrung auf dem Bl\\u00fccherplatz am Samstag, den 23.04.2022 | We love Kiel\",\"headline\":\"Teilsperrung auf dem Bl\\u00fccherplatz am Samstag, den 23.04.2022\",\"author\":{\"@id\":\"https:\\\/\\\/welovekiel.com\\\/de\\\/author\\\/christian\\\/#author\"},\"publisher\":{\"@id\":\"https:\\\/\\\/welovekiel.com\\\/de\\\/#organization\"},\"image\":{\"@type\":\"ImageObject\",\"url\":\"https:\\\/\\\/welovekiel.com\\\/wp-content\\\/uploads\\\/parkplatz-bluecherplatz-kiel.jpg\",\"width\":1200,\"height\":900,\"caption\":\"Parkplatz Bl\\u00fccherplatz Kiel\"},\"datePublished\":\"2022-04-21T19:05:38+02:00\",\"dateModified\":\"2022-04-21T19:05:38+02:00\",\"inLanguage\":\"de-DE\",\"mainEntityOfPage\":{\"@id\":\"https:\\\/\\\/welovekiel.com\\\/de\\\/teilsperrung-bluecherplatz-samstag-23-04-2022-9256\\\/#webpage\"},\"isPartOf\":{\"@id\":\"https:\\\/\\\/welovekiel.com\\\/de\\\/teilsperrung-bluecherplatz-samstag-23-04-2022-9256\\\/#webpage\"},\"articleSection\":\"Allgemein, Bl\\u00fccherplatz, Veranstaltungen &amp; Events, Bl\\u00fccherplatz, Demonstration, Parkverbot, Sperrung, Optional\"},{\"@type\":\"BreadcrumbList\",\"@id\":\"https:\\\/\\\/welovekiel.com\\\/de\\\/teilsperrung-bluecherplatz-samstag-23-04-2022-9256\\\/#breadcrumblist\",\"itemListElement\":[{\"@type\":\"ListItem\",\"@id\":\"https:\\\/\\\/welovekiel.com\\\/de\\\/#listItem\",\"position\":1,\"name\":\"Home\",\"item\":\"https:\\\/\\\/welovekiel.com\\\/de\\\/\",\"nextItem\":{\"@type\":\"ListItem\",\"@id\":\"https:\\\/\\\/welovekiel.com\\\/de\\\/category\\\/allgemein\\\/#listItem\",\"name\":\"Allgemein\"}},{\"@type\":\"ListItem\",\"@id\":\"https:\\\/\\\/welovekiel.com\\\/de\\\/category\\\/allgemein\\\/#listItem\",\"position\":2,\"name\":\"Allgemein\",\"item\":\"https:\\\/\\\/welovekiel.com\\\/de\\\/category\\\/allgemein\\\/\",\"nextItem\":{\"@type\":\"ListItem\",\"@id\":\"https:\\\/\\\/welovekiel.com\\\/de\\\/teilsperrung-bluecherplatz-samstag-23-04-2022-9256\\\/#listItem\",\"name\":\"Teilsperrung auf dem Bl\\u00fccherplatz am Samstag, den 23.04.2022\"},\"previousItem\":{\"@type\":\"ListItem\",\"@id\":\"https:\\\/\\\/welovekiel.com\\\/de\\\/#listItem\",\"name\":\"Home\"}},{\"@type\":\"ListItem\",\"@id\":\"https:\\\/\\\/welovekiel.com\\\/de\\\/teilsperrung-bluecherplatz-samstag-23-04-2022-9256\\\/#listItem\",\"position\":3,\"name\":\"Teilsperrung auf dem Bl\\u00fccherplatz am Samstag, den 23.04.2022\",\"previousItem\":{\"@type\":\"ListItem\",\"@id\":\"https:\\\/\\\/welovekiel.com\\\/de\\\/category\\\/allgemein\\\/#listItem\",\"name\":\"Allgemein\"}}]},{\"@type\":\"Organization\",\"@id\":\"https:\\\/\\\/welovekiel.com\\\/de\\\/#organization\",\"name\":\"We love Kiel\",\"url\":\"https:\\\/\\\/welovekiel.com\\\/de\\\/\",\"sameAs\":[\"https:\\\/\\\/www.facebook.com\\\/WeLoveKielCity\\\/\",\"https:\\\/\\\/www.instagram.com\\\/welovekiel\\\/\"]},{\"@type\":\"Person\",\"@id\":\"https:\\\/\\\/welovekiel.com\\\/de\\\/author\\\/christian\\\/#author\",\"url\":\"https:\\\/\\\/welovekiel.com\\\/de\\\/author\\\/christian\\\/\",\"name\":\"Christian Gewiese\",\"image\":{\"@type\":\"ImageObject\",\"@id\":\"https:\\\/\\\/welovekiel.com\\\/de\\\/teilsperrung-bluecherplatz-samstag-23-04-2022-9256\\\/#authorImage\",\"url\":\"https:\\\/\\\/secure.gravatar.com\\\/avatar\\\/97707923f9bed63dfb3bbdf8065fadb426aa1508b119d1c175a90c8939cbdb88?s=96&d=mm&r=g\",\"width\":96,\"height\":96,\"caption\":\"Christian Gewiese\"}},{\"@type\":\"WebPage\",\"@id\":\"https:\\\/\\\/welovekiel.com\\\/de\\\/teilsperrung-bluecherplatz-samstag-23-04-2022-9256\\\/#webpage\",\"url\":\"https:\\\/\\\/welovekiel.com\\\/de\\\/teilsperrung-bluecherplatz-samstag-23-04-2022-9256\\\/\",\"name\":\"Teilsperrung auf dem Bl\\u00fccherplatz am Samstag, den 23.04.2022 | We love Kiel\",\"description\":\"Teilsperrung auf dem Kieler Bl\\u00fccherplatz am Samstag, den 23.04.2022 aufgrund einer Demonstration, die am Samstagmittag auf dem Bl\\u00fccher stattfindet.\",\"inLanguage\":\"de-DE\",\"isPartOf\":{\"@id\":\"https:\\\/\\\/welovekiel.com\\\/de\\\/#website\"},\"breadcrumb\":{\"@id\":\"https:\\\/\\\/welovekiel.com\\\/de\\\/teilsperrung-bluecherplatz-samstag-23-04-2022-9256\\\/#breadcrumblist\"},\"author\":{\"@id\":\"https:\\\/\\\/welovekiel.com\\\/de\\\/author\\\/christian\\\/#author\"},\"creator\":{\"@id\":\"https:\\\/\\\/welovekiel.com\\\/de\\\/author\\\/christian\\\/#author\"},\"image\":{\"@type\":\"ImageObject\",\"url\":\"https:\\\/\\\/welovekiel.com\\\/wp-content\\\/uploads\\\/parkplatz-bluecherplatz-kiel.jpg\",\"@id\":\"https:\\\/\\\/welovekiel.com\\\/de\\\/teilsperrung-bluecherplatz-samstag-23-04-2022-9256\\\/#mainImage\",\"width\":1200,\"height\":900,\"caption\":\"Parkplatz Bl\\u00fccherplatz Kiel\"},\"primaryImageOfPage\":{\"@id\":\"https:\\\/\\\/welovekiel.com\\\/de\\\/teilsperrung-bluecherplatz-samstag-23-04-2022-9256\\\/#mainImage\"},\"datePublished\":\"2022-04-21T19:05:38+02:00\",\"dateModified\":\"2022-04-21T19:05:38+02:00\"},{\"@type\":\"WebSite\",\"@id\":\"https:\\\/\\\/welovekiel.com\\\/de\\\/#website\",\"url\":\"https:\\\/\\\/welovekiel.com\\\/de\\\/\",\"name\":\"We love Kiel\",\"inLanguage\":\"de-DE\",\"publisher\":{\"@id\":\"https:\\\/\\\/welovekiel.com\\\/de\\\/#organization\"}}]}\n\t\t<\/script>\n\t\t<!-- All in One SEO -->\n\n","aioseo_head_json":{"title":"Teilsperrung auf dem Bl\u00fccherplatz am Samstag, den 23.04.2022 | We love Kiel","description":"Teilsperrung auf dem Kieler Bl\u00fccherplatz am Samstag, den 23.04.2022 aufgrund einer Demonstration, die am Samstagmittag auf dem Bl\u00fccher stattfindet.","canonical_url":"https:\/\/welovekiel.com\/de\/teilsperrung-bluecherplatz-samstag-23-04-2022-9256\/","robots":"max-image-preview:large","keywords":"bl\u00fccherplatz,demonstration,parkverbot,sperrung,allgemein,veranstaltungen &amp; events","webmasterTools":{"miscellaneous":""},"schema":{"@context":"https:\/\/schema.org","@graph":[{"@type":"Article","@id":"https:\/\/welovekiel.com\/de\/teilsperrung-bluecherplatz-samstag-23-04-2022-9256\/#article","name":"Teilsperrung auf dem Bl\u00fccherplatz am Samstag, den 23.04.2022 | We love Kiel","headline":"Teilsperrung auf dem Bl\u00fccherplatz am Samstag, den 23.04.2022","author":{"@id":"https:\/\/welovekiel.com\/de\/author\/christian\/#author"},"publisher":{"@id":"https:\/\/welovekiel.com\/de\/#organization"},"image":{"@type":"ImageObject","url":"https:\/\/welovekiel.com\/wp-content\/uploads\/parkplatz-bluecherplatz-kiel.jpg","width":1200,"height":900,"caption":"Parkplatz Bl\u00fccherplatz Kiel"},"datePublished":"2022-04-21T19:05:38+02:00","dateModified":"2022-04-21T19:05:38+02:00","inLanguage":"de-DE","mainEntityOfPage":{"@id":"https:\/\/welovekiel.com\/de\/teilsperrung-bluecherplatz-samstag-23-04-2022-9256\/#webpage"},"isPartOf":{"@id":"https:\/\/welovekiel.com\/de\/teilsperrung-bluecherplatz-samstag-23-04-2022-9256\/#webpage"},"articleSection":"Allgemein, Bl\u00fccherplatz, Veranstaltungen &amp; Events, Bl\u00fccherplatz, Demonstration, Parkverbot, Sperrung, Optional"},{"@type":"BreadcrumbList","@id":"https:\/\/welovekiel.com\/de\/teilsperrung-bluecherplatz-samstag-23-04-2022-9256\/#breadcrumblist","itemListElement":[{"@type":"ListItem","@id":"https:\/\/welovekiel.com\/de\/#listItem","position":1,"name":"Home","item":"https:\/\/welovekiel.com\/de\/","nextItem":{"@type":"ListItem","@id":"https:\/\/welovekiel.com\/de\/category\/allgemein\/#listItem","name":"Allgemein"}},{"@type":"ListItem","@id":"https:\/\/welovekiel.com\/de\/category\/allgemein\/#listItem","position":2,"name":"Allgemein","item":"https:\/\/welovekiel.com\/de\/category\/allgemein\/","nextItem":{"@type":"ListItem","@id":"https:\/\/welovekiel.com\/de\/teilsperrung-bluecherplatz-samstag-23-04-2022-9256\/#listItem","name":"Teilsperrung auf dem Bl\u00fccherplatz am Samstag, den 23.04.2022"},"previousItem":{"@type":"ListItem","@id":"https:\/\/welovekiel.com\/de\/#listItem","name":"Home"}},{"@type":"ListItem","@id":"https:\/\/welovekiel.com\/de\/teilsperrung-bluecherplatz-samstag-23-04-2022-9256\/#listItem","position":3,"name":"Teilsperrung auf dem Bl\u00fccherplatz am Samstag, den 23.04.2022","previousItem":{"@type":"ListItem","@id":"https:\/\/welovekiel.com\/de\/category\/allgemein\/#listItem","name":"Allgemein"}}]},{"@type":"Organization","@id":"https:\/\/welovekiel.com\/de\/#organization","name":"We love Kiel","url":"https:\/\/welovekiel.com\/de\/","sameAs":["https:\/\/www.facebook.com\/WeLoveKielCity\/","https:\/\/www.instagram.com\/welovekiel\/"]},{"@type":"Person","@id":"https:\/\/welovekiel.com\/de\/author\/christian\/#author","url":"https:\/\/welovekiel.com\/de\/author\/christian\/","name":"Christian Gewiese","image":{"@type":"ImageObject","@id":"https:\/\/welovekiel.com\/de\/teilsperrung-bluecherplatz-samstag-23-04-2022-9256\/#authorImage","url":"https:\/\/secure.gravatar.com\/avatar\/97707923f9bed63dfb3bbdf8065fadb426aa1508b119d1c175a90c8939cbdb88?s=96&d=mm&r=g","width":96,"height":96,"caption":"Christian Gewiese"}},{"@type":"WebPage","@id":"https:\/\/welovekiel.com\/de\/teilsperrung-bluecherplatz-samstag-23-04-2022-9256\/#webpage","url":"https:\/\/welovekiel.com\/de\/teilsperrung-bluecherplatz-samstag-23-04-2022-9256\/","name":"Teilsperrung auf dem Bl\u00fccherplatz am Samstag, den 23.04.2022 | We love Kiel","description":"Teilsperrung auf dem Kieler Bl\u00fccherplatz am Samstag, den 23.04.2022 aufgrund einer Demonstration, die am Samstagmittag auf dem Bl\u00fccher stattfindet.","inLanguage":"de-DE","isPartOf":{"@id":"https:\/\/welovekiel.com\/de\/#website"},"breadcrumb":{"@id":"https:\/\/welovekiel.com\/de\/teilsperrung-bluecherplatz-samstag-23-04-2022-9256\/#breadcrumblist"},"author":{"@id":"https:\/\/welovekiel.com\/de\/author\/christian\/#author"},"creator":{"@id":"https:\/\/welovekiel.com\/de\/author\/christian\/#author"},"image":{"@type":"ImageObject","url":"https:\/\/welovekiel.com\/wp-content\/uploads\/parkplatz-bluecherplatz-kiel.jpg","@id":"https:\/\/welovekiel.com\/de\/teilsperrung-bluecherplatz-samstag-23-04-2022-9256\/#mainImage","width":1200,"height":900,"caption":"Parkplatz Bl\u00fccherplatz Kiel"},"primaryImageOfPage":{"@id":"https:\/\/welovekiel.com\/de\/teilsperrung-bluecherplatz-samstag-23-04-2022-9256\/#mainImage"},"datePublished":"2022-04-21T19:05:38+02:00","dateModified":"2022-04-21T19:05:38+02:00"},{"@type":"WebSite","@id":"https:\/\/welovekiel.com\/de\/#website","url":"https:\/\/welovekiel.com\/de\/","name":"We love Kiel","inLanguage":"de-DE","publisher":{"@id":"https:\/\/welovekiel.com\/de\/#organization"}}]},"og:locale":"de_DE","og:site_name":"We love Kiel |","og:type":"article","og:title":"Teilsperrung auf dem Bl\u00fccherplatz am Samstag, den 23.04.2022 | We love Kiel","og:description":"Teilsperrung auf dem Kieler Bl\u00fccherplatz am Samstag, den 23.04.2022 aufgrund einer Demonstration, die am Samstagmittag auf dem Bl\u00fccher stattfindet.","og:url":"https:\/\/welovekiel.com\/de\/teilsperrung-bluecherplatz-samstag-23-04-2022-9256\/","article:published_time":"2022-04-21T17:05:38+00:00","article:modified_time":"2022-04-21T17:05:38+00:00","article:publisher":"https:\/\/www.facebook.com\/WeLoveKielCity\/","twitter:card":"summary","twitter:title":"Teilsperrung auf dem Bl\u00fccherplatz am Samstag, den 23.04.2022 | We love Kiel","twitter:description":"Teilsperrung auf dem Kieler Bl\u00fccherplatz am Samstag, den 23.04.2022 aufgrund einer Demonstration, die am Samstagmittag auf dem Bl\u00fccher stattfindet."},"aioseo_meta_data":{"post_id":"9256","title":null,"description":"Teilsperrung auf dem Kieler Bl\u00fccherplatz am Samstag, den 23.04.2022 aufgrund einer Demonstration, die am Samstagmittag auf dem Bl\u00fccher stattfindet.","keywords":[],"keyphrases":{"focus":{"keyphrase":"Bl\u00fccherplatz","score":92,"analysis":{"keyphraseInTitle":{"title":"Focus keyphrase in SEO title","description":"Focus keyphrase found in SEO title.","score":9,"maxScore":9,"error":0},"keyphraseInDescription":{"title":"Focus keyphrase in meta description","description":"Focus keyphrase found in meta description.","score":9,"maxScore":9,"error":0},"keyphraseLength":{"title":"Focus keyphrase length","description":"Good job!","score":9,"maxScore":9,"error":0,"length":1},"keyphraseInURL":{"title":"Focus keyphrase in URL","description":"Focus keyphrase not found in the URL.","score":1,"maxScore":5,"error":1},"keyphraseInIntroduction":{"title":"Focus keyphrase in introduction","description":"Your Focus keyphrase appears in the first paragraph. Well done!","score":9,"maxScore":9,"error":0},"keyphraseInSubHeadings":[],"keyphraseInImageAlt":{"title":"Focus keyphrase in image alt attributes","description":"Focus keyphrase found in image alt attribute(s).","score":9,"maxScore":9,"error":0}}},"additional":[]},"primary_term":null,"canonical_url":null,"og_title":null,"og_description":null,"og_object_type":"default","og_image_type":"default","og_image_url":null,"og_image_width":null,"og_image_height":null,"og_image_custom_url":null,"og_image_custom_fields":null,"og_video":"","og_custom_url":null,"og_article_section":null,"og_article_tags":[],"twitter_use_og":false,"twitter_card":"default","twitter_image_type":"default","twitter_image_url":null,"twitter_image_custom_url":null,"twitter_image_custom_fields":null,"twitter_title":null,"twitter_description":null,"schema":{"blockGraphs":[],"customGraphs":[],"default":{"data":{"Article":{"id":"aioseo-article-6356b2cae5b9a","slug":"article","graphName":"Article","label":"Artikel","properties":{"type":"BlogPosting","name":"#post_title","headline":"#post_title","description":"#post_excerpt","image":"","keywords":"","author":{"name":"#author_name","url":"#author_url"},"dates":{"include":true,"datePublished":"","dateModified":""}}},"Course":[],"Dataset":[],"FAQPage":[],"Movie":[],"Person":[],"Product":[],"ProductReview":[],"Car":[],"Recipe":[],"Service":[],"SoftwareApplication":[],"WebPage":[]},"graphName":"Article","isEnabled":true},"graphs":[]},"schema_type":"default","schema_type_options":"{\"article\":{\"articleType\":\"BlogPosting\"},\"course\":{\"name\":\"\",\"description\":\"\",\"provider\":\"\"},\"faq\":{\"pages\":[]},\"product\":{\"reviews\":[]},\"recipe\":{\"ingredients\":[],\"instructions\":[],\"keywords\":[]},\"software\":{\"reviews\":[],\"operatingSystems\":[]},\"webPage\":{\"webPageType\":\"WebPage\"}}","pillar_content":false,"robots_default":true,"robots_noindex":false,"robots_noarchive":false,"robots_nosnippet":false,"robots_nofollow":false,"robots_noimageindex":false,"robots_noodp":false,"robots_notranslate":false,"robots_max_snippet":"-1","robots_max_videopreview":"-1","robots_max_imagepreview":"large","priority":null,"frequency":"default","local_seo":null,"breadcrumb_settings":null,"limit_modified_date":false,"ai":null,"created":"2022-04-21 16:33:44","updated":"2026-06-30 17:11:45","seo_analyzer_scan_date":null},"aioseo_breadcrumb":"<div class=\"aioseo-breadcrumbs\"><span class=\"aioseo-breadcrumb\">\n\t\t\t<a href=\"https:\/\/welovekiel.com\/de\/\" title=\"Home\">Home<\/a>\n\t\t<\/span><span class=\"aioseo-breadcrumb-separator\">&raquo;<\/span><span class=\"aioseo-breadcrumb\">\n\t\t\t<a href=\"https:\/\/welovekiel.com\/de\/category\/allgemein\/\" title=\"Allgemein\">Allgemein<\/a>\n\t\t<\/span><span class=\"aioseo-breadcrumb-separator\">&raquo;<\/span><span class=\"aioseo-breadcrumb\">\n\t\t\tTeilsperrung auf dem Bl\u00fccherplatz am Samstag, den 23.04.2022\n\t\t<\/span><\/div>","aioseo_breadcrumb_json":[{"label":"Home","link":"https:\/\/welovekiel.com\/de\/"},{"label":"Allgemein","link":"https:\/\/welovekiel.com\/de\/category\/allgemein\/"},{"label":"Teilsperrung auf dem Bl\u00fccherplatz am Samstag, den 23.04.2022","link":"https:\/\/welovekiel.com\/de\/teilsperrung-bluecherplatz-samstag-23-04-2022-9256\/"}],"_links":{"self":[{"href":"https:\/\/welovekiel.com\/de\/wp-json\/wp\/v2\/posts\/9256","targetHints":{"allow":["GET"]}}],"collection":[{"href":"https:\/\/welovekiel.com\/de\/wp-json\/wp\/v2\/posts"}],"about":[{"href":"https:\/\/welovekiel.com\/de\/wp-json\/wp\/v2\/types\/post"}],"author":[{"embeddable":true,"href":"https:\/\/welovekiel.com\/de\/wp-json\/wp\/v2\/users\/2"}],"replies":[{"embeddable":true,"href":"https:\/\/welovekiel.com\/de\/wp-json\/wp\/v2\/comments?post=9256"}],"version-history":[{"count":0,"href":"https:\/\/welovekiel.com\/de\/wp-json\/wp\/v2\/posts\/9256\/revisions"}],"wp:featuredmedia":[{"embeddable":true,"href":"https:\/\/welovekiel.com\/de\/wp-json\/wp\/v2\/media\/5825"}],"wp:attachment":[{"href":"https:\/\/welovekiel.com\/de\/wp-json\/wp\/v2\/media?parent=9256"}],"wp:term":[{"taxonomy":"category","embeddable":true,"href":"https:\/\/welovekiel.com\/de\/wp-json\/wp\/v2\/categories?post=9256"},{"taxonomy":"post_tag","embeddable":true,"href":"https:\/\/welovekiel.com\/de\/wp-json\/wp\/v2\/tags?post=9256"}],"curies":[{"name":"wp","href":"https:\/\/api.w.org\/{rel}","templated":true}]}}