{"id":8962,"date":"2022-04-15T10:34:24","date_gmt":"2022-04-15T08:34:24","guid":{"rendered":"https:\/\/welovekiel.com\/?p=8962"},"modified":"2022-04-16T10:54:58","modified_gmt":"2022-04-16T08:54:58","slug":"robert-habeck-bluecherplatz-kiel-14-4-2022","status":"publish","type":"post","link":"https:\/\/welovekiel.com\/de\/robert-habeck-bluecherplatz-kiel-14-4-2022-8962\/","title":{"rendered":"Bundeswirtschaftsminister Robert Habeck auf dem Bl\u00fccherplatz in Kiel am 14.4.2022"},"content":{"rendered":"<div class=\"fusion-fullwidth fullwidth-box fusion-builder-row-1 nonhundred-percent-fullwidth non-hundred-percent-height-scrolling\" style=\"background-color: rgba(255,255,255,0);background-position: center center;background-repeat: no-repeat;padding-top:0px;padding-right:0px;padding-bottom:0px;padding-left:0px;margin-bottom: 0px;margin-top: 0px;border-width: 0px 0px 0px 0px;border-color:#eae9e9;border-style:solid;\"><div class=\"fusion-builder-row fusion-row\"><div class=\"fusion-layout-column fusion_builder_column fusion-builder-column-0 fusion_builder_column_1_1 1_1 fusion-one-full fusion-column-first fusion-column-last\" style=\"margin-top:0px;margin-bottom:0px;\"><div class=\"fusion-column-wrapper fusion-flex-column-wrapper-legacy\" style=\"background-position:left top;background-repeat:no-repeat;-webkit-background-size:cover;-moz-background-size:cover;-o-background-size:cover;background-size:cover;padding: 0px 0px 0px 0px;\"><div class=\"fusion-text fusion-text-1\"><p><strong>Bundeswirtschaftsminister Robert Habeck auf dem <a href=\"https:\/\/welovekiel.com\/de\/lexikon\/bluecherplatz\/\" target=\"_self\" title=\"\" class=\"encyclopedia\">Bl&uuml;cherplatz<\/a> in Kiel am 14.4.2022: Monika Heinold, Lasse Petersdotter und Robert Habeck live auf dem Bl&uuml;cher.<\/strong><\/p>\n<p>Robert Habeck, Bundesminister f&uuml;r Wirtschaft und Klimaschutz, auf Wahlkampftour in Kiel zusammen mit Monika Heinold, Spitzenkandidatin der Gr&uuml;nen. sowie Lasse Petersdotter, stellvertretender Fraktionsvorsitzender der Gr&uuml;nen in Schleswig-Holstein. Denn am 08.05.2022 wird in Schleswig-Holstein gew&auml;hlt. Landtagswahl in Schleswig-Holstein 2022: Die Wahl zum 20. Schleswig-Holsteinischen Landtag findet am Sonntag, den 8. Mai 2022 statt.<\/p>\n<p>Monika Heinold ist seit 2012 Finanzministerin in Schleswig-Holstein und bei der kommenden Landtagswahl in Schleswig-Holstein die Gr&uuml;ne Spitzenkandidatin. Am Donnerstag wollten Robert Habeck und Monika Heinold ab 18 Uhr zusammen mit den B&uuml;rgern ins Gespr&auml;ch kommen und &uuml;ber Ideen, Herausforderungen und weitere Themen sprechen. Doch es kam m&ouml;glicherweise anders, als von Robert Habeck und Monika Heinold gedacht: Zum einen hatte die geringe Zahl an Zuschauern auf dem Bl&uuml;cherplatz etwas &uuml;berrascht. Man h&auml;tte meinen k&ouml;nnen, dass mehr Menschen auf den Bl&uuml;cherplatz kommen, wenn der Bundesminister f&uuml;r Wirtschaft und Klimaschutz sowie Stellvertreter des Bundeskanzlers nach Kiel kommt.<\/p>\n<p><\/p><div id=\"attachment_8961\" style=\"width: 810px\" class=\"wp-caption alignnone\"><a href=\"https:\/\/welovekiel.com\/wp-content\/uploads\/gruene-kiel-14-4-2022-habeck-heinold-petersdotter.jpg\"><img decoding=\"async\" aria-describedby=\"caption-attachment-8961\" class=\"lazyload size-fusion-800 wp-image-8961\" src=\"https:\/\/welovekiel.com\/wp-content\/uploads\/gruene-kiel-14-4-2022-habeck-heinold-petersdotter-800x600.jpg\" data-orig-src=\"https:\/\/welovekiel.com\/wp-content\/uploads\/gruene-kiel-14-4-2022-habeck-heinold-petersdotter-800x600.jpg\" alt=\"Gr&uuml;ne in Kiel am 14.4.2022: Habeck, Heinold, Petersdotter\" width=\"800\" height=\"600\" srcset=\"data:image\/svg+xml,%3Csvg%20xmlns%3D%27http%3A%2F%2Fwww.w3.org%2F2000%2Fsvg%27%20width%3D%27800%27%20height%3D%27600%27%20viewBox%3D%270%200%20800%20600%27%3E%3Crect%20width%3D%27800%27%20height%3D%27600%27%20fill-opacity%3D%220%22%2F%3E%3C%2Fsvg%3E\" data-srcset=\"https:\/\/welovekiel.com\/wp-content\/uploads\/gruene-kiel-14-4-2022-habeck-heinold-petersdotter-200x150.jpg 200w, https:\/\/welovekiel.com\/wp-content\/uploads\/gruene-kiel-14-4-2022-habeck-heinold-petersdotter-300x225.jpg 300w, https:\/\/welovekiel.com\/wp-content\/uploads\/gruene-kiel-14-4-2022-habeck-heinold-petersdotter-400x300.jpg 400w, https:\/\/welovekiel.com\/wp-content\/uploads\/gruene-kiel-14-4-2022-habeck-heinold-petersdotter-600x450.jpg 600w, https:\/\/welovekiel.com\/wp-content\/uploads\/gruene-kiel-14-4-2022-habeck-heinold-petersdotter-768x576.jpg 768w, https:\/\/welovekiel.com\/wp-content\/uploads\/gruene-kiel-14-4-2022-habeck-heinold-petersdotter-800x600.jpg 800w, https:\/\/welovekiel.com\/wp-content\/uploads\/gruene-kiel-14-4-2022-habeck-heinold-petersdotter-1024x768.jpg 1024w, https:\/\/welovekiel.com\/wp-content\/uploads\/gruene-kiel-14-4-2022-habeck-heinold-petersdotter.jpg 1200w\" data-sizes=\"auto\" data-orig-sizes=\"(max-width: 800px) 100vw, 800px\"><\/a><p id=\"caption-attachment-8961\" class=\"wp-caption-text\">Gr&uuml;ne in Kiel am 14.4.2022: Habeck, Heinold, Petersdotter<\/p><\/div>\n<div id=\"attachment_8903\" style=\"width: 810px\" class=\"wp-caption alignnone\"><a href=\"https:\/\/welovekiel.com\/wp-content\/uploads\/protest-gegen-robert-habeck-in-kiel.jpg\"><img decoding=\"async\" aria-describedby=\"caption-attachment-8903\" class=\"lazyload size-fusion-800 wp-image-8903\" src=\"https:\/\/welovekiel.com\/wp-content\/uploads\/protest-gegen-robert-habeck-in-kiel-800x600.jpg\" data-orig-src=\"https:\/\/welovekiel.com\/wp-content\/uploads\/protest-gegen-robert-habeck-in-kiel-800x600.jpg\" alt=\"Protest gegen Robert Habeck in Kiel\" width=\"800\" height=\"600\" srcset=\"data:image\/svg+xml,%3Csvg%20xmlns%3D%27http%3A%2F%2Fwww.w3.org%2F2000%2Fsvg%27%20width%3D%27800%27%20height%3D%27600%27%20viewBox%3D%270%200%20800%20600%27%3E%3Crect%20width%3D%27800%27%20height%3D%27600%27%20fill-opacity%3D%220%22%2F%3E%3C%2Fsvg%3E\" data-srcset=\"https:\/\/welovekiel.com\/wp-content\/uploads\/protest-gegen-robert-habeck-in-kiel-200x150.jpg 200w, https:\/\/welovekiel.com\/wp-content\/uploads\/protest-gegen-robert-habeck-in-kiel-300x225.jpg 300w, https:\/\/welovekiel.com\/wp-content\/uploads\/protest-gegen-robert-habeck-in-kiel-400x300.jpg 400w, https:\/\/welovekiel.com\/wp-content\/uploads\/protest-gegen-robert-habeck-in-kiel-600x450.jpg 600w, https:\/\/welovekiel.com\/wp-content\/uploads\/protest-gegen-robert-habeck-in-kiel-768x576.jpg 768w, https:\/\/welovekiel.com\/wp-content\/uploads\/protest-gegen-robert-habeck-in-kiel-800x600.jpg 800w, https:\/\/welovekiel.com\/wp-content\/uploads\/protest-gegen-robert-habeck-in-kiel-1024x768.jpg 1024w, https:\/\/welovekiel.com\/wp-content\/uploads\/protest-gegen-robert-habeck-in-kiel.jpg 1200w\" data-sizes=\"auto\" data-orig-sizes=\"(max-width: 800px) 100vw, 800px\"><\/a><p id=\"caption-attachment-8903\" class=\"wp-caption-text\">Protest gegen Robert Habeck in Kiel<\/p><\/div>\n<div id=\"attachment_8917\" style=\"width: 810px\" class=\"wp-caption alignnone\"><a href=\"https:\/\/welovekiel.com\/wp-content\/uploads\/robert-habeck-in-kiel-protest1.jpg\"><img decoding=\"async\" aria-describedby=\"caption-attachment-8917\" class=\"lazyload size-fusion-800 wp-image-8917\" src=\"https:\/\/welovekiel.com\/wp-content\/uploads\/robert-habeck-in-kiel-protest1-800x600.jpg\" data-orig-src=\"https:\/\/welovekiel.com\/wp-content\/uploads\/robert-habeck-in-kiel-protest1-800x600.jpg\" alt=\"Protest bei Veranstaltung von Robert Habeck in Kiel\" width=\"800\" height=\"600\" srcset=\"data:image\/svg+xml,%3Csvg%20xmlns%3D%27http%3A%2F%2Fwww.w3.org%2F2000%2Fsvg%27%20width%3D%27800%27%20height%3D%27600%27%20viewBox%3D%270%200%20800%20600%27%3E%3Crect%20width%3D%27800%27%20height%3D%27600%27%20fill-opacity%3D%220%22%2F%3E%3C%2Fsvg%3E\" data-srcset=\"https:\/\/welovekiel.com\/wp-content\/uploads\/robert-habeck-in-kiel-protest1-200x150.jpg 200w, https:\/\/welovekiel.com\/wp-content\/uploads\/robert-habeck-in-kiel-protest1-300x225.jpg 300w, https:\/\/welovekiel.com\/wp-content\/uploads\/robert-habeck-in-kiel-protest1-400x300.jpg 400w, https:\/\/welovekiel.com\/wp-content\/uploads\/robert-habeck-in-kiel-protest1-600x450.jpg 600w, https:\/\/welovekiel.com\/wp-content\/uploads\/robert-habeck-in-kiel-protest1-768x576.jpg 768w, https:\/\/welovekiel.com\/wp-content\/uploads\/robert-habeck-in-kiel-protest1-800x600.jpg 800w, https:\/\/welovekiel.com\/wp-content\/uploads\/robert-habeck-in-kiel-protest1-1024x768.jpg 1024w, https:\/\/welovekiel.com\/wp-content\/uploads\/robert-habeck-in-kiel-protest1.jpg 1200w\" data-sizes=\"auto\" data-orig-sizes=\"(max-width: 800px) 100vw, 800px\"><\/a><p id=\"caption-attachment-8917\" class=\"wp-caption-text\">Protest bei Veranstaltung von Robert Habeck in Kiel<\/p><\/div>\n<p>Und eine nicht unerhebliche Anzahl der Zuschauer war anscheinend nur deshalb zur Veranstaltung von Robert Habeck und Monika Heinold auf den Kieler Bl&uuml;cherplatz gekommen, um zu protestieren. Teils lautstark mit Trillerpfeifen, Ratschen, Tr&ouml;ten und anderen Gegenst&auml;nden. Und teils mit skurilen Botschaften und Forderungen auf ihren mitgebrachten Schildern und Plakaten. Oder nat&uuml;rlich auch mit eindeutigen Botschaften auf der Kleidung, darunter beispielsweise &bdquo;Ungeimpft&ldquo; auf dem R&uuml;cken einer Warnweste.<\/p>\n<p>Wer etwas weiter hin gestanden hatte, der hatte aufgrund des L&auml;rmpegels der Zuschauer nicht wirklich etwas von der eigentlichen Diskussion und den Reden von Robert Habeck, Lasse Petersdotter und Monika Heinold mitbekommen, aber das war bei den meisten Zuschauern wohl auch so gewollt&hellip;<\/p>\n<h2>Video: Robert Habeck in Kiel<\/h2>\n<\/div><div class=\"fusion-video fusion-youtube\" style=\"max-width:800px;max-height:450px;\"><div class=\"video-shortcode\"><div class=\"fluid-width-video-wrapper\" style=\"padding-top:56.25%;\"><iframe title=\"YouTube video player 1\" src=\"https:\/\/www.youtube.com\/embed\/v4NBsM7wi0w?wmode=transparent&amp;autoplay=0\" width=\"800\" height=\"450\" allowfullscreen allow=\"autoplay; fullscreen\"><\/iframe><\/div><\/div><\/div><div class=\"fusion-clearfix\"><\/div><\/div><\/div><\/div><\/div>\n","protected":false},"excerpt":{"rendered":"","protected":false},"author":2,"featured_media":8933,"comment_status":"open","ping_status":"open","sticky":false,"template":"","format":"standard","meta":{"footnotes":""},"categories":[15,142,690],"tags":[143,1257,1259,1126,1254,1253,1258,236,1256,1252,1255],"class_list":["post-8962","post","type-post","status-publish","format-standard","has-post-thumbnail","hentry","category-allgemein","category-bluecherplatz","category-veranstaltungen-events","tag-bluecherplatz","tag-demonstration","tag-gruene","tag-landtagswahl","tag-lasse-petersdotter","tag-monika-heinold","tag-politik","tag-politiker","tag-protest","tag-robert-habeck","tag-wahlkampf","gallery-content-unit"],"aioseo_notices":[],"aioseo_head":"\n\t\t<!-- All in One SEO 4.9.10 - aioseo.com -->\n\t<meta name=\"description\" content=\"Bundeswirtschaftsminister Robert Habeck auf dem Bl\u00fccherplatz in Kiel am 14.4.2022: Monika Heinold, Lasse Petersdotter und Robert Habeck live auf dem Bl\u00fccher.\" \/>\n\t<meta name=\"robots\" content=\"max-image-preview:large\" \/>\n\t<meta name=\"author\" content=\"Christian Gewiese\"\/>\n\t<meta name=\"keywords\" content=\"bl\u00fccherplatz,demonstration,gr\u00fcne,landtagswahl,lasse petersdotter,monika heinold,politik,politiker,protest,robert habeck,wahlkampf,allgemein,veranstaltungen &amp; events\" \/>\n\t<link rel=\"canonical\" href=\"https:\/\/welovekiel.com\/de\/robert-habeck-bluecherplatz-kiel-14-4-2022-8962\/\" \/>\n\t<meta name=\"generator\" content=\"All in One SEO (AIOSEO) 4.9.10\" \/>\n\t\t<meta property=\"og:locale\" content=\"de_DE\" \/>\n\t\t<meta property=\"og:site_name\" content=\"We love Kiel |\" \/>\n\t\t<meta property=\"og:type\" content=\"article\" \/>\n\t\t<meta property=\"og:title\" content=\"Bundeswirtschaftsminister Robert Habeck auf dem Bl\u00fccherplatz in Kiel am 14.4.2022 | We love Kiel\" \/>\n\t\t<meta property=\"og:description\" content=\"Bundeswirtschaftsminister Robert Habeck auf dem Bl\u00fccherplatz in Kiel am 14.4.2022: Monika Heinold, Lasse Petersdotter und Robert Habeck live auf dem Bl\u00fccher.\" \/>\n\t\t<meta property=\"og:url\" content=\"https:\/\/welovekiel.com\/de\/robert-habeck-bluecherplatz-kiel-14-4-2022-8962\/\" \/>\n\t\t<meta property=\"article:published_time\" content=\"2022-04-15T08:34:24+00:00\" \/>\n\t\t<meta property=\"article:modified_time\" content=\"2022-04-16T08:54:58+00:00\" \/>\n\t\t<meta property=\"article:publisher\" content=\"https:\/\/www.facebook.com\/WeLoveKielCity\/\" \/>\n\t\t<meta name=\"twitter:card\" content=\"summary\" \/>\n\t\t<meta name=\"twitter:title\" content=\"Bundeswirtschaftsminister Robert Habeck auf dem Bl\u00fccherplatz in Kiel am 14.4.2022 | We love Kiel\" \/>\n\t\t<meta name=\"twitter:description\" content=\"Bundeswirtschaftsminister Robert Habeck auf dem Bl\u00fccherplatz in Kiel am 14.4.2022: Monika Heinold, Lasse Petersdotter und Robert Habeck live auf dem Bl\u00fccher.\" \/>\n\t\t<script type=\"application\/ld+json\" class=\"aioseo-schema\">\n\t\t\t{\"@context\":\"https:\\\/\\\/schema.org\",\"@graph\":[{\"@type\":\"Article\",\"@id\":\"https:\\\/\\\/welovekiel.com\\\/de\\\/robert-habeck-bluecherplatz-kiel-14-4-2022-8962\\\/#article\",\"name\":\"Bundeswirtschaftsminister Robert Habeck auf dem Bl\\u00fccherplatz in Kiel am 14.4.2022 | We love Kiel\",\"headline\":\"Bundeswirtschaftsminister Robert Habeck auf dem Bl\\u00fccherplatz in Kiel am 14.4.2022\",\"author\":{\"@id\":\"https:\\\/\\\/welovekiel.com\\\/de\\\/author\\\/christian\\\/#author\"},\"publisher\":{\"@id\":\"https:\\\/\\\/welovekiel.com\\\/de\\\/#organization\"},\"image\":{\"@type\":\"ImageObject\",\"url\":\"https:\\\/\\\/welovekiel.com\\\/wp-content\\\/uploads\\\/robert-habeck-wirtschaftsminister.jpg\",\"width\":1200,\"height\":900,\"caption\":\"Wirtschaftsminister Robert Habeck\"},\"datePublished\":\"2022-04-15T10:34:24+02:00\",\"dateModified\":\"2022-04-16T10:54:58+02:00\",\"inLanguage\":\"de-DE\",\"mainEntityOfPage\":{\"@id\":\"https:\\\/\\\/welovekiel.com\\\/de\\\/robert-habeck-bluecherplatz-kiel-14-4-2022-8962\\\/#webpage\"},\"isPartOf\":{\"@id\":\"https:\\\/\\\/welovekiel.com\\\/de\\\/robert-habeck-bluecherplatz-kiel-14-4-2022-8962\\\/#webpage\"},\"articleSection\":\"Allgemein, Bl\\u00fccherplatz, Veranstaltungen &amp; Events, Bl\\u00fccherplatz, Demonstration, Gr\\u00fcne, Landtagswahl, Lasse Petersdotter, Monika Heinold, Politik, Politiker, Protest, Robert Habeck, Wahlkampf, Optional\"},{\"@type\":\"BreadcrumbList\",\"@id\":\"https:\\\/\\\/welovekiel.com\\\/de\\\/robert-habeck-bluecherplatz-kiel-14-4-2022-8962\\\/#breadcrumblist\",\"itemListElement\":[{\"@type\":\"ListItem\",\"@id\":\"https:\\\/\\\/welovekiel.com\\\/de\\\/#listItem\",\"position\":1,\"name\":\"Home\",\"item\":\"https:\\\/\\\/welovekiel.com\\\/de\\\/\",\"nextItem\":{\"@type\":\"ListItem\",\"@id\":\"https:\\\/\\\/welovekiel.com\\\/de\\\/category\\\/allgemein\\\/#listItem\",\"name\":\"Allgemein\"}},{\"@type\":\"ListItem\",\"@id\":\"https:\\\/\\\/welovekiel.com\\\/de\\\/category\\\/allgemein\\\/#listItem\",\"position\":2,\"name\":\"Allgemein\",\"item\":\"https:\\\/\\\/welovekiel.com\\\/de\\\/category\\\/allgemein\\\/\",\"nextItem\":{\"@type\":\"ListItem\",\"@id\":\"https:\\\/\\\/welovekiel.com\\\/de\\\/robert-habeck-bluecherplatz-kiel-14-4-2022-8962\\\/#listItem\",\"name\":\"Bundeswirtschaftsminister Robert Habeck auf dem Bl\\u00fccherplatz in Kiel am 14.4.2022\"},\"previousItem\":{\"@type\":\"ListItem\",\"@id\":\"https:\\\/\\\/welovekiel.com\\\/de\\\/#listItem\",\"name\":\"Home\"}},{\"@type\":\"ListItem\",\"@id\":\"https:\\\/\\\/welovekiel.com\\\/de\\\/robert-habeck-bluecherplatz-kiel-14-4-2022-8962\\\/#listItem\",\"position\":3,\"name\":\"Bundeswirtschaftsminister Robert Habeck auf dem Bl\\u00fccherplatz in Kiel am 14.4.2022\",\"previousItem\":{\"@type\":\"ListItem\",\"@id\":\"https:\\\/\\\/welovekiel.com\\\/de\\\/category\\\/allgemein\\\/#listItem\",\"name\":\"Allgemein\"}}]},{\"@type\":\"Organization\",\"@id\":\"https:\\\/\\\/welovekiel.com\\\/de\\\/#organization\",\"name\":\"We love Kiel\",\"url\":\"https:\\\/\\\/welovekiel.com\\\/de\\\/\",\"sameAs\":[\"https:\\\/\\\/www.facebook.com\\\/WeLoveKielCity\\\/\",\"https:\\\/\\\/www.instagram.com\\\/welovekiel\\\/\"]},{\"@type\":\"Person\",\"@id\":\"https:\\\/\\\/welovekiel.com\\\/de\\\/author\\\/christian\\\/#author\",\"url\":\"https:\\\/\\\/welovekiel.com\\\/de\\\/author\\\/christian\\\/\",\"name\":\"Christian Gewiese\",\"image\":{\"@type\":\"ImageObject\",\"@id\":\"https:\\\/\\\/welovekiel.com\\\/de\\\/robert-habeck-bluecherplatz-kiel-14-4-2022-8962\\\/#authorImage\",\"url\":\"https:\\\/\\\/secure.gravatar.com\\\/avatar\\\/97707923f9bed63dfb3bbdf8065fadb426aa1508b119d1c175a90c8939cbdb88?s=96&d=mm&r=g\",\"width\":96,\"height\":96,\"caption\":\"Christian Gewiese\"}},{\"@type\":\"WebPage\",\"@id\":\"https:\\\/\\\/welovekiel.com\\\/de\\\/robert-habeck-bluecherplatz-kiel-14-4-2022-8962\\\/#webpage\",\"url\":\"https:\\\/\\\/welovekiel.com\\\/de\\\/robert-habeck-bluecherplatz-kiel-14-4-2022-8962\\\/\",\"name\":\"Bundeswirtschaftsminister Robert Habeck auf dem Bl\\u00fccherplatz in Kiel am 14.4.2022 | We love Kiel\",\"description\":\"Bundeswirtschaftsminister Robert Habeck auf dem Bl\\u00fccherplatz in Kiel am 14.4.2022: Monika Heinold, Lasse Petersdotter und Robert Habeck live auf dem Bl\\u00fccher.\",\"inLanguage\":\"de-DE\",\"isPartOf\":{\"@id\":\"https:\\\/\\\/welovekiel.com\\\/de\\\/#website\"},\"breadcrumb\":{\"@id\":\"https:\\\/\\\/welovekiel.com\\\/de\\\/robert-habeck-bluecherplatz-kiel-14-4-2022-8962\\\/#breadcrumblist\"},\"author\":{\"@id\":\"https:\\\/\\\/welovekiel.com\\\/de\\\/author\\\/christian\\\/#author\"},\"creator\":{\"@id\":\"https:\\\/\\\/welovekiel.com\\\/de\\\/author\\\/christian\\\/#author\"},\"image\":{\"@type\":\"ImageObject\",\"url\":\"https:\\\/\\\/welovekiel.com\\\/wp-content\\\/uploads\\\/robert-habeck-wirtschaftsminister.jpg\",\"@id\":\"https:\\\/\\\/welovekiel.com\\\/de\\\/robert-habeck-bluecherplatz-kiel-14-4-2022-8962\\\/#mainImage\",\"width\":1200,\"height\":900,\"caption\":\"Wirtschaftsminister Robert Habeck\"},\"primaryImageOfPage\":{\"@id\":\"https:\\\/\\\/welovekiel.com\\\/de\\\/robert-habeck-bluecherplatz-kiel-14-4-2022-8962\\\/#mainImage\"},\"datePublished\":\"2022-04-15T10:34:24+02:00\",\"dateModified\":\"2022-04-16T10:54:58+02:00\"},{\"@type\":\"WebSite\",\"@id\":\"https:\\\/\\\/welovekiel.com\\\/de\\\/#website\",\"url\":\"https:\\\/\\\/welovekiel.com\\\/de\\\/\",\"name\":\"We love Kiel\",\"inLanguage\":\"de-DE\",\"publisher\":{\"@id\":\"https:\\\/\\\/welovekiel.com\\\/de\\\/#organization\"}}]}\n\t\t<\/script>\n\t\t<!-- All in One SEO -->\n\n","aioseo_head_json":{"title":"Bundeswirtschaftsminister Robert Habeck auf dem Bl\u00fccherplatz in Kiel am 14.4.2022 | We love Kiel","description":"Bundeswirtschaftsminister Robert Habeck auf dem Bl\u00fccherplatz in Kiel am 14.4.2022: Monika Heinold, Lasse Petersdotter und Robert Habeck live auf dem Bl\u00fccher.","canonical_url":"https:\/\/welovekiel.com\/de\/robert-habeck-bluecherplatz-kiel-14-4-2022-8962\/","robots":"max-image-preview:large","keywords":"bl\u00fccherplatz,demonstration,gr\u00fcne,landtagswahl,lasse petersdotter,monika heinold,politik,politiker,protest,robert habeck,wahlkampf,allgemein,veranstaltungen &amp; events","webmasterTools":{"miscellaneous":""},"schema":{"@context":"https:\/\/schema.org","@graph":[{"@type":"Article","@id":"https:\/\/welovekiel.com\/de\/robert-habeck-bluecherplatz-kiel-14-4-2022-8962\/#article","name":"Bundeswirtschaftsminister Robert Habeck auf dem Bl\u00fccherplatz in Kiel am 14.4.2022 | We love Kiel","headline":"Bundeswirtschaftsminister Robert Habeck auf dem Bl\u00fccherplatz in Kiel am 14.4.2022","author":{"@id":"https:\/\/welovekiel.com\/de\/author\/christian\/#author"},"publisher":{"@id":"https:\/\/welovekiel.com\/de\/#organization"},"image":{"@type":"ImageObject","url":"https:\/\/welovekiel.com\/wp-content\/uploads\/robert-habeck-wirtschaftsminister.jpg","width":1200,"height":900,"caption":"Wirtschaftsminister Robert Habeck"},"datePublished":"2022-04-15T10:34:24+02:00","dateModified":"2022-04-16T10:54:58+02:00","inLanguage":"de-DE","mainEntityOfPage":{"@id":"https:\/\/welovekiel.com\/de\/robert-habeck-bluecherplatz-kiel-14-4-2022-8962\/#webpage"},"isPartOf":{"@id":"https:\/\/welovekiel.com\/de\/robert-habeck-bluecherplatz-kiel-14-4-2022-8962\/#webpage"},"articleSection":"Allgemein, Bl\u00fccherplatz, Veranstaltungen &amp; Events, Bl\u00fccherplatz, Demonstration, Gr\u00fcne, Landtagswahl, Lasse Petersdotter, Monika Heinold, Politik, Politiker, Protest, Robert Habeck, Wahlkampf, Optional"},{"@type":"BreadcrumbList","@id":"https:\/\/welovekiel.com\/de\/robert-habeck-bluecherplatz-kiel-14-4-2022-8962\/#breadcrumblist","itemListElement":[{"@type":"ListItem","@id":"https:\/\/welovekiel.com\/de\/#listItem","position":1,"name":"Home","item":"https:\/\/welovekiel.com\/de\/","nextItem":{"@type":"ListItem","@id":"https:\/\/welovekiel.com\/de\/category\/allgemein\/#listItem","name":"Allgemein"}},{"@type":"ListItem","@id":"https:\/\/welovekiel.com\/de\/category\/allgemein\/#listItem","position":2,"name":"Allgemein","item":"https:\/\/welovekiel.com\/de\/category\/allgemein\/","nextItem":{"@type":"ListItem","@id":"https:\/\/welovekiel.com\/de\/robert-habeck-bluecherplatz-kiel-14-4-2022-8962\/#listItem","name":"Bundeswirtschaftsminister Robert Habeck auf dem Bl\u00fccherplatz in Kiel am 14.4.2022"},"previousItem":{"@type":"ListItem","@id":"https:\/\/welovekiel.com\/de\/#listItem","name":"Home"}},{"@type":"ListItem","@id":"https:\/\/welovekiel.com\/de\/robert-habeck-bluecherplatz-kiel-14-4-2022-8962\/#listItem","position":3,"name":"Bundeswirtschaftsminister Robert Habeck auf dem Bl\u00fccherplatz in Kiel am 14.4.2022","previousItem":{"@type":"ListItem","@id":"https:\/\/welovekiel.com\/de\/category\/allgemein\/#listItem","name":"Allgemein"}}]},{"@type":"Organization","@id":"https:\/\/welovekiel.com\/de\/#organization","name":"We love Kiel","url":"https:\/\/welovekiel.com\/de\/","sameAs":["https:\/\/www.facebook.com\/WeLoveKielCity\/","https:\/\/www.instagram.com\/welovekiel\/"]},{"@type":"Person","@id":"https:\/\/welovekiel.com\/de\/author\/christian\/#author","url":"https:\/\/welovekiel.com\/de\/author\/christian\/","name":"Christian Gewiese","image":{"@type":"ImageObject","@id":"https:\/\/welovekiel.com\/de\/robert-habeck-bluecherplatz-kiel-14-4-2022-8962\/#authorImage","url":"https:\/\/secure.gravatar.com\/avatar\/97707923f9bed63dfb3bbdf8065fadb426aa1508b119d1c175a90c8939cbdb88?s=96&d=mm&r=g","width":96,"height":96,"caption":"Christian Gewiese"}},{"@type":"WebPage","@id":"https:\/\/welovekiel.com\/de\/robert-habeck-bluecherplatz-kiel-14-4-2022-8962\/#webpage","url":"https:\/\/welovekiel.com\/de\/robert-habeck-bluecherplatz-kiel-14-4-2022-8962\/","name":"Bundeswirtschaftsminister Robert Habeck auf dem Bl\u00fccherplatz in Kiel am 14.4.2022 | We love Kiel","description":"Bundeswirtschaftsminister Robert Habeck auf dem Bl\u00fccherplatz in Kiel am 14.4.2022: Monika Heinold, Lasse Petersdotter und Robert Habeck live auf dem Bl\u00fccher.","inLanguage":"de-DE","isPartOf":{"@id":"https:\/\/welovekiel.com\/de\/#website"},"breadcrumb":{"@id":"https:\/\/welovekiel.com\/de\/robert-habeck-bluecherplatz-kiel-14-4-2022-8962\/#breadcrumblist"},"author":{"@id":"https:\/\/welovekiel.com\/de\/author\/christian\/#author"},"creator":{"@id":"https:\/\/welovekiel.com\/de\/author\/christian\/#author"},"image":{"@type":"ImageObject","url":"https:\/\/welovekiel.com\/wp-content\/uploads\/robert-habeck-wirtschaftsminister.jpg","@id":"https:\/\/welovekiel.com\/de\/robert-habeck-bluecherplatz-kiel-14-4-2022-8962\/#mainImage","width":1200,"height":900,"caption":"Wirtschaftsminister Robert Habeck"},"primaryImageOfPage":{"@id":"https:\/\/welovekiel.com\/de\/robert-habeck-bluecherplatz-kiel-14-4-2022-8962\/#mainImage"},"datePublished":"2022-04-15T10:34:24+02:00","dateModified":"2022-04-16T10:54:58+02:00"},{"@type":"WebSite","@id":"https:\/\/welovekiel.com\/de\/#website","url":"https:\/\/welovekiel.com\/de\/","name":"We love Kiel","inLanguage":"de-DE","publisher":{"@id":"https:\/\/welovekiel.com\/de\/#organization"}}]},"og:locale":"de_DE","og:site_name":"We love Kiel |","og:type":"article","og:title":"Bundeswirtschaftsminister Robert Habeck auf dem Bl\u00fccherplatz in Kiel am 14.4.2022 | We love Kiel","og:description":"Bundeswirtschaftsminister Robert Habeck auf dem Bl\u00fccherplatz in Kiel am 14.4.2022: Monika Heinold, Lasse Petersdotter und Robert Habeck live auf dem Bl\u00fccher.","og:url":"https:\/\/welovekiel.com\/de\/robert-habeck-bluecherplatz-kiel-14-4-2022-8962\/","article:published_time":"2022-04-15T08:34:24+00:00","article:modified_time":"2022-04-16T08:54:58+00:00","article:publisher":"https:\/\/www.facebook.com\/WeLoveKielCity\/","twitter:card":"summary","twitter:title":"Bundeswirtschaftsminister Robert Habeck auf dem Bl\u00fccherplatz in Kiel am 14.4.2022 | We love Kiel","twitter:description":"Bundeswirtschaftsminister Robert Habeck auf dem Bl\u00fccherplatz in Kiel am 14.4.2022: Monika Heinold, Lasse Petersdotter und Robert Habeck live auf dem Bl\u00fccher."},"aioseo_meta_data":{"post_id":"8962","title":null,"description":"Bundeswirtschaftsminister Robert Habeck auf dem Bl\u00fccherplatz in Kiel am 14.4.2022: Monika Heinold, Lasse Petersdotter und Robert Habeck live auf dem Bl\u00fccher.","keywords":[],"keyphrases":{"focus":{"keyphrase":"Robert Habeck","score":83,"analysis":{"keyphraseInTitle":{"title":"Focus keyphrase in SEO title","description":"Focus keyphrase found in SEO title.","score":9,"maxScore":9,"error":0},"keyphraseInDescription":{"title":"Focus keyphrase in meta description","description":"Focus keyphrase found in meta description.","score":9,"maxScore":9,"error":0},"keyphraseLength":{"title":"Focus keyphrase length","description":"Good job!","score":9,"maxScore":9,"error":0,"length":2},"keyphraseInURL":{"title":"Focus keyphrase in URL","description":"Focus keyphrase not found in the URL.","score":1,"maxScore":5,"error":1},"keyphraseInIntroduction":{"title":"Focus keyphrase in introduction","description":"Your Focus keyphrase does not appear in the first paragraph. Make sure the topic is clear immediately.","score":3,"maxScore":9,"error":1},"keyphraseInSubHeadings":{"title":"Focus keyphrase in Subheadings","description":"Your H2 or H3 subheading reflects the topic of your copy. Good job!","score":9,"maxScore":9,"error":0},"keyphraseInImageAlt":{"title":"Focus keyphrase in image alt attributes","description":"Focus keyphrase found in image alt attribute(s).","score":9,"maxScore":9,"error":0}}},"additional":[]},"primary_term":null,"canonical_url":null,"og_title":null,"og_description":null,"og_object_type":"default","og_image_type":"default","og_image_url":null,"og_image_width":null,"og_image_height":null,"og_image_custom_url":null,"og_image_custom_fields":null,"og_video":"","og_custom_url":null,"og_article_section":null,"og_article_tags":[],"twitter_use_og":false,"twitter_card":"default","twitter_image_type":"default","twitter_image_url":null,"twitter_image_custom_url":null,"twitter_image_custom_fields":null,"twitter_title":null,"twitter_description":null,"schema":{"blockGraphs":[],"customGraphs":[],"default":{"data":{"Article":{"id":"aioseo-article-6356b2cadb94c","slug":"article","graphName":"Article","label":"Artikel","properties":{"type":"BlogPosting","name":"#post_title","headline":"#post_title","description":"#post_excerpt","image":"","keywords":"","author":{"name":"#author_name","url":"#author_url"},"dates":{"include":true,"datePublished":"","dateModified":""}}},"Course":[],"Dataset":[],"FAQPage":[],"Movie":[],"Person":[],"Product":[],"ProductReview":[],"Car":[],"Recipe":[],"Service":[],"SoftwareApplication":[],"WebPage":[]},"graphName":"Article","isEnabled":true},"graphs":[]},"schema_type":"default","schema_type_options":"{\"article\":{\"articleType\":\"BlogPosting\"},\"course\":{\"name\":\"\",\"description\":\"\",\"provider\":\"\"},\"faq\":{\"pages\":[]},\"product\":{\"reviews\":[]},\"recipe\":{\"ingredients\":[],\"instructions\":[],\"keywords\":[]},\"software\":{\"reviews\":[],\"operatingSystems\":[]},\"webPage\":{\"webPageType\":\"WebPage\"}}","pillar_content":false,"robots_default":true,"robots_noindex":false,"robots_noarchive":false,"robots_nosnippet":false,"robots_nofollow":false,"robots_noimageindex":false,"robots_noodp":false,"robots_notranslate":false,"robots_max_snippet":"-1","robots_max_videopreview":"-1","robots_max_imagepreview":"large","priority":null,"frequency":"default","local_seo":null,"breadcrumb_settings":null,"limit_modified_date":false,"ai":null,"created":"2022-04-16 08:34:24","updated":"2026-06-30 17:11:45","seo_analyzer_scan_date":null},"aioseo_breadcrumb":"<div class=\"aioseo-breadcrumbs\"><span class=\"aioseo-breadcrumb\">\n\t\t\t<a href=\"https:\/\/welovekiel.com\/de\/\" title=\"Home\">Home<\/a>\n\t\t<\/span><span class=\"aioseo-breadcrumb-separator\">&raquo;<\/span><span class=\"aioseo-breadcrumb\">\n\t\t\t<a href=\"https:\/\/welovekiel.com\/de\/category\/allgemein\/\" title=\"Allgemein\">Allgemein<\/a>\n\t\t<\/span><span class=\"aioseo-breadcrumb-separator\">&raquo;<\/span><span class=\"aioseo-breadcrumb\">\n\t\t\tBundeswirtschaftsminister Robert Habeck auf dem Bl\u00fccherplatz in Kiel am 14.4.2022\n\t\t<\/span><\/div>","aioseo_breadcrumb_json":[{"label":"Home","link":"https:\/\/welovekiel.com\/de\/"},{"label":"Allgemein","link":"https:\/\/welovekiel.com\/de\/category\/allgemein\/"},{"label":"Bundeswirtschaftsminister Robert Habeck auf dem Bl\u00fccherplatz in Kiel am 14.4.2022","link":"https:\/\/welovekiel.com\/de\/robert-habeck-bluecherplatz-kiel-14-4-2022-8962\/"}],"_links":{"self":[{"href":"https:\/\/welovekiel.com\/de\/wp-json\/wp\/v2\/posts\/8962","targetHints":{"allow":["GET"]}}],"collection":[{"href":"https:\/\/welovekiel.com\/de\/wp-json\/wp\/v2\/posts"}],"about":[{"href":"https:\/\/welovekiel.com\/de\/wp-json\/wp\/v2\/types\/post"}],"author":[{"embeddable":true,"href":"https:\/\/welovekiel.com\/de\/wp-json\/wp\/v2\/users\/2"}],"replies":[{"embeddable":true,"href":"https:\/\/welovekiel.com\/de\/wp-json\/wp\/v2\/comments?post=8962"}],"version-history":[{"count":0,"href":"https:\/\/welovekiel.com\/de\/wp-json\/wp\/v2\/posts\/8962\/revisions"}],"wp:featuredmedia":[{"embeddable":true,"href":"https:\/\/welovekiel.com\/de\/wp-json\/wp\/v2\/media\/8933"}],"wp:attachment":[{"href":"https:\/\/welovekiel.com\/de\/wp-json\/wp\/v2\/media?parent=8962"}],"wp:term":[{"taxonomy":"category","embeddable":true,"href":"https:\/\/welovekiel.com\/de\/wp-json\/wp\/v2\/categories?post=8962"},{"taxonomy":"post_tag","embeddable":true,"href":"https:\/\/welovekiel.com\/de\/wp-json\/wp\/v2\/tags?post=8962"}],"curies":[{"name":"wp","href":"https:\/\/api.w.org\/{rel}","templated":true}]}}