{"id":7319,"date":"2021-10-05T18:01:25","date_gmt":"2021-10-05T16:01:25","guid":{"rendered":"https:\/\/welovekiel.com\/?p=7319"},"modified":"2021-10-06T18:35:31","modified_gmt":"2021-10-06T16:35:31","slug":"segelschulschiff-gorch-fock-ist-zurueck-in-kiel","status":"publish","type":"post","link":"https:\/\/welovekiel.com\/de\/segelschulschiff-gorch-fock-ist-zurueck-in-kiel-7319\/","title":{"rendered":"Segelschulschiff Gorch Fock ist zur\u00fcck in Kiel"},"content":{"rendered":"<div class=\"fusion-fullwidth fullwidth-box fusion-builder-row-1 nonhundred-percent-fullwidth non-hundred-percent-height-scrolling\" style=\"background-color: rgba(255,255,255,0);background-position: center center;background-repeat: no-repeat;padding-top:0px;padding-right:0px;padding-bottom:0px;padding-left:0px;margin-bottom: 0px;margin-top: 0px;border-width: 0px 0px 0px 0px;border-color:#eae9e9;border-style:solid;\"><div class=\"fusion-builder-row fusion-row\"><div class=\"fusion-layout-column fusion_builder_column fusion-builder-column-0 fusion_builder_column_1_1 1_1 fusion-one-full fusion-column-first fusion-column-last\" style=\"margin-top:0px;margin-bottom:0px;\"><div class=\"fusion-column-wrapper fusion-flex-column-wrapper-legacy\" style=\"background-position:left top;background-repeat:no-repeat;-webkit-background-size:cover;-moz-background-size:cover;-o-background-size:cover;background-size:cover;padding: 0px 0px 0px 0px;\"><div class=\"fusion-text fusion-text-1\"><p><strong>Segelschulschiff Gorch Fock ist zur&uuml;ck in Kiel: Ankunft der Gorch Fock am 04.10.2021 im <a href=\"https:\/\/welovekiel.com\/de\/lexikon\/marinestuetzpunkt-kiel-wik\/\" target=\"_self\" title=\"\" class=\"encyclopedia\">Marinest&uuml;tzpunkt Kiel-Wik<\/a> mit Saltsch&uuml;ssen zur feierlichen R&uuml;ckkehr des Segelschulschiffs in seinem Heimathafen Kiel.<\/strong><\/p>\n<p>Am Montag den 4. Oktober 2021 war es endlich soweit: Das traditionsreiche Segelschulschiff Gorch Fock ist nach rund sechsj&auml;hriger Sanierung nach Kiel zur&uuml;ckgekehrt. Tausende Zuschauer entlang der <a href=\"https:\/\/welovekiel.com\/de\/lexikon\/kieler-foerde\/\" target=\"_self\" title=\"\" class=\"encyclopedia\">Kieler F&ouml;rde<\/a> sowie unz&auml;hlige Boote auf der F&ouml;rde haben die Gorch Fock in Kiel empfangen und von der <a href=\"https:\/\/welovekiel.com\/de\/lexikon\/kiellinie-kiel\/\" target=\"_self\" title=\"\" class=\"encyclopedia\">Kiellinie<\/a> und zu Wasser beobachtet, wie die Gorch Fock die Kieler F&ouml;rde entlang bis zum Landeshaus gefahren ist und danach an der <a href=\"https:\/\/welovekiel.com\/de\/lexikon\/gorch-fock-mole\/\" target=\"_self\" title=\"\" class=\"encyclopedia\">Gorch-Fock-Mole<\/a> (ehemals Tirpitzmole) im Marinest&uuml;tzpunkt Kiel-Wik festgemacht hat. An Bord der Gorch Fock war von Eckernf&ouml;rde bis Kiel auch Bundesverteidigungsministerin Annegret Kramp-Karrenbauer.<\/p>\n<p>Zur Begr&uuml;&szlig;ung der Gorch Fock ist sind auch eine Transall sowie Tornados &uuml;ber die Kieler F&ouml;rde und die Gorch Fock geflogen.<\/p>\n<p>Noch mehr Fotos von der R&uuml;ckkehr des Segelschulschiffs in Kiel: <strong><a title=\"Bildergalerie: Gorch Fock zur&uuml;ck in Kiel\" href=\"https:\/\/welovekiel.com\/de\/galleries\/gorch-fock-rueckkehr-kiel-2021\/\">Bildergalerie Gorch Fock kehrt am 04.10.2021 zur&uuml;ck nach Kiel<\/a><\/strong><\/p>\n<p><\/p><div id=\"attachment_7294\" style=\"width: 810px\" class=\"wp-caption alignnone\"><a href=\"https:\/\/welovekiel.com\/wp-content\/uploads\/segelschulschiff-gorch-fock-kieler-foerde-rueckkehr-kiel3.jpg\"><img decoding=\"async\" aria-describedby=\"caption-attachment-7294\" class=\"lazyload size-fusion-800 wp-image-7294\" src=\"https:\/\/welovekiel.com\/wp-content\/uploads\/segelschulschiff-gorch-fock-kieler-foerde-rueckkehr-kiel3-800x533.jpg\" data-orig-src=\"https:\/\/welovekiel.com\/wp-content\/uploads\/segelschulschiff-gorch-fock-kieler-foerde-rueckkehr-kiel3-800x533.jpg\" alt=\"Gorch Fock in der Kieler F&ouml;rde 04.10.2021\" width=\"800\" height=\"533\" srcset=\"data:image\/svg+xml,%3Csvg%20xmlns%3D%27http%3A%2F%2Fwww.w3.org%2F2000%2Fsvg%27%20width%3D%27800%27%20height%3D%27533%27%20viewBox%3D%270%200%20800%20533%27%3E%3Crect%20width%3D%27800%27%20height%3D%27533%27%20fill-opacity%3D%220%22%2F%3E%3C%2Fsvg%3E\" data-srcset=\"https:\/\/welovekiel.com\/wp-content\/uploads\/segelschulschiff-gorch-fock-kieler-foerde-rueckkehr-kiel3-200x133.jpg 200w, https:\/\/welovekiel.com\/wp-content\/uploads\/segelschulschiff-gorch-fock-kieler-foerde-rueckkehr-kiel3-300x200.jpg 300w, https:\/\/welovekiel.com\/wp-content\/uploads\/segelschulschiff-gorch-fock-kieler-foerde-rueckkehr-kiel3-400x267.jpg 400w, https:\/\/welovekiel.com\/wp-content\/uploads\/segelschulschiff-gorch-fock-kieler-foerde-rueckkehr-kiel3-600x400.jpg 600w, https:\/\/welovekiel.com\/wp-content\/uploads\/segelschulschiff-gorch-fock-kieler-foerde-rueckkehr-kiel3-768x512.jpg 768w, https:\/\/welovekiel.com\/wp-content\/uploads\/segelschulschiff-gorch-fock-kieler-foerde-rueckkehr-kiel3-800x533.jpg 800w, https:\/\/welovekiel.com\/wp-content\/uploads\/segelschulschiff-gorch-fock-kieler-foerde-rueckkehr-kiel3-1024x683.jpg 1024w, https:\/\/welovekiel.com\/wp-content\/uploads\/segelschulschiff-gorch-fock-kieler-foerde-rueckkehr-kiel3.jpg 1200w\" data-sizes=\"auto\" data-orig-sizes=\"(max-width: 800px) 100vw, 800px\"><\/a><p id=\"caption-attachment-7294\" class=\"wp-caption-text\">Gorch Fock in der Kieler F&ouml;rde 04.10.2021<\/p><\/div>\n<div id=\"attachment_7286\" style=\"width: 810px\" class=\"wp-caption alignnone\"><a href=\"https:\/\/welovekiel.com\/wp-content\/uploads\/segelschulschiff-gorch-fock-kieler-foerde-kuestenwache-fehmarn-polizeiboot.jpg\"><img decoding=\"async\" aria-describedby=\"caption-attachment-7286\" class=\"lazyload size-fusion-800 wp-image-7286\" src=\"https:\/\/welovekiel.com\/wp-content\/uploads\/segelschulschiff-gorch-fock-kieler-foerde-kuestenwache-fehmarn-polizeiboot-800x533.jpg\" data-orig-src=\"https:\/\/welovekiel.com\/wp-content\/uploads\/segelschulschiff-gorch-fock-kieler-foerde-kuestenwache-fehmarn-polizeiboot-800x533.jpg\" alt=\"Gorch Fock Segelschulschiff Kieler F&ouml;rde mit K&uuml;stenwache\" width=\"800\" height=\"533\" srcset=\"data:image\/svg+xml,%3Csvg%20xmlns%3D%27http%3A%2F%2Fwww.w3.org%2F2000%2Fsvg%27%20width%3D%27800%27%20height%3D%27533%27%20viewBox%3D%270%200%20800%20533%27%3E%3Crect%20width%3D%27800%27%20height%3D%27533%27%20fill-opacity%3D%220%22%2F%3E%3C%2Fsvg%3E\" data-srcset=\"https:\/\/welovekiel.com\/wp-content\/uploads\/segelschulschiff-gorch-fock-kieler-foerde-kuestenwache-fehmarn-polizeiboot-200x133.jpg 200w, https:\/\/welovekiel.com\/wp-content\/uploads\/segelschulschiff-gorch-fock-kieler-foerde-kuestenwache-fehmarn-polizeiboot-300x200.jpg 300w, https:\/\/welovekiel.com\/wp-content\/uploads\/segelschulschiff-gorch-fock-kieler-foerde-kuestenwache-fehmarn-polizeiboot-400x267.jpg 400w, https:\/\/welovekiel.com\/wp-content\/uploads\/segelschulschiff-gorch-fock-kieler-foerde-kuestenwache-fehmarn-polizeiboot-600x400.jpg 600w, https:\/\/welovekiel.com\/wp-content\/uploads\/segelschulschiff-gorch-fock-kieler-foerde-kuestenwache-fehmarn-polizeiboot-768x512.jpg 768w, https:\/\/welovekiel.com\/wp-content\/uploads\/segelschulschiff-gorch-fock-kieler-foerde-kuestenwache-fehmarn-polizeiboot-800x533.jpg 800w, https:\/\/welovekiel.com\/wp-content\/uploads\/segelschulschiff-gorch-fock-kieler-foerde-kuestenwache-fehmarn-polizeiboot-1024x683.jpg 1024w, https:\/\/welovekiel.com\/wp-content\/uploads\/segelschulschiff-gorch-fock-kieler-foerde-kuestenwache-fehmarn-polizeiboot.jpg 1200w\" data-sizes=\"auto\" data-orig-sizes=\"(max-width: 800px) 100vw, 800px\"><\/a><p id=\"caption-attachment-7286\" class=\"wp-caption-text\">Gorch Fock Segelschulschiff Kieler F&ouml;rde mit K&uuml;stenwache<\/p><\/div>\n<div id=\"attachment_7208\" style=\"width: 810px\" class=\"wp-caption alignnone\"><a href=\"https:\/\/welovekiel.com\/wp-content\/uploads\/gorch-fock-kiel-foerde-wwf-robin-wood-protest3.jpg\"><img decoding=\"async\" aria-describedby=\"caption-attachment-7208\" class=\"lazyload size-fusion-800 wp-image-7208\" src=\"https:\/\/welovekiel.com\/wp-content\/uploads\/gorch-fock-kiel-foerde-wwf-robin-wood-protest3-800x533.jpg\" data-orig-src=\"https:\/\/welovekiel.com\/wp-content\/uploads\/gorch-fock-kiel-foerde-wwf-robin-wood-protest3-800x533.jpg\" alt=\"Gorch Fock Kiel WWF Robin Wood Protest 04.10.2021\" width=\"800\" height=\"533\" srcset=\"data:image\/svg+xml,%3Csvg%20xmlns%3D%27http%3A%2F%2Fwww.w3.org%2F2000%2Fsvg%27%20width%3D%27800%27%20height%3D%27533%27%20viewBox%3D%270%200%20800%20533%27%3E%3Crect%20width%3D%27800%27%20height%3D%27533%27%20fill-opacity%3D%220%22%2F%3E%3C%2Fsvg%3E\" data-srcset=\"https:\/\/welovekiel.com\/wp-content\/uploads\/gorch-fock-kiel-foerde-wwf-robin-wood-protest3-200x133.jpg 200w, https:\/\/welovekiel.com\/wp-content\/uploads\/gorch-fock-kiel-foerde-wwf-robin-wood-protest3-300x200.jpg 300w, https:\/\/welovekiel.com\/wp-content\/uploads\/gorch-fock-kiel-foerde-wwf-robin-wood-protest3-400x267.jpg 400w, https:\/\/welovekiel.com\/wp-content\/uploads\/gorch-fock-kiel-foerde-wwf-robin-wood-protest3-600x400.jpg 600w, https:\/\/welovekiel.com\/wp-content\/uploads\/gorch-fock-kiel-foerde-wwf-robin-wood-protest3-768x512.jpg 768w, https:\/\/welovekiel.com\/wp-content\/uploads\/gorch-fock-kiel-foerde-wwf-robin-wood-protest3-800x533.jpg 800w, https:\/\/welovekiel.com\/wp-content\/uploads\/gorch-fock-kiel-foerde-wwf-robin-wood-protest3-1024x683.jpg 1024w, https:\/\/welovekiel.com\/wp-content\/uploads\/gorch-fock-kiel-foerde-wwf-robin-wood-protest3.jpg 1200w\" data-sizes=\"auto\" data-orig-sizes=\"(max-width: 800px) 100vw, 800px\"><\/a><p id=\"caption-attachment-7208\" class=\"wp-caption-text\">Gorch Fock Kiel WWF Robin Wood Protest 04.10.2021<\/p><\/div>\n<div id=\"attachment_7266\" style=\"width: 810px\" class=\"wp-caption alignnone\"><a href=\"https:\/\/welovekiel.com\/wp-content\/uploads\/marinemusikkorps-kiel-gorch-fock-empfang.jpg\"><img decoding=\"async\" aria-describedby=\"caption-attachment-7266\" class=\"lazyload size-fusion-800 wp-image-7266\" src=\"https:\/\/welovekiel.com\/wp-content\/uploads\/marinemusikkorps-kiel-gorch-fock-empfang-800x533.jpg\" data-orig-src=\"https:\/\/welovekiel.com\/wp-content\/uploads\/marinemusikkorps-kiel-gorch-fock-empfang-800x533.jpg\" alt=\"Marinemusikkorps Kiel Gorch Fock Empfang 04.10.2021\" width=\"800\" height=\"533\" srcset=\"data:image\/svg+xml,%3Csvg%20xmlns%3D%27http%3A%2F%2Fwww.w3.org%2F2000%2Fsvg%27%20width%3D%27800%27%20height%3D%27533%27%20viewBox%3D%270%200%20800%20533%27%3E%3Crect%20width%3D%27800%27%20height%3D%27533%27%20fill-opacity%3D%220%22%2F%3E%3C%2Fsvg%3E\" data-srcset=\"https:\/\/welovekiel.com\/wp-content\/uploads\/marinemusikkorps-kiel-gorch-fock-empfang-200x133.jpg 200w, https:\/\/welovekiel.com\/wp-content\/uploads\/marinemusikkorps-kiel-gorch-fock-empfang-300x200.jpg 300w, https:\/\/welovekiel.com\/wp-content\/uploads\/marinemusikkorps-kiel-gorch-fock-empfang-400x267.jpg 400w, https:\/\/welovekiel.com\/wp-content\/uploads\/marinemusikkorps-kiel-gorch-fock-empfang-600x400.jpg 600w, https:\/\/welovekiel.com\/wp-content\/uploads\/marinemusikkorps-kiel-gorch-fock-empfang-768x512.jpg 768w, https:\/\/welovekiel.com\/wp-content\/uploads\/marinemusikkorps-kiel-gorch-fock-empfang-800x533.jpg 800w, https:\/\/welovekiel.com\/wp-content\/uploads\/marinemusikkorps-kiel-gorch-fock-empfang-1024x683.jpg 1024w, https:\/\/welovekiel.com\/wp-content\/uploads\/marinemusikkorps-kiel-gorch-fock-empfang.jpg 1200w\" data-sizes=\"auto\" data-orig-sizes=\"(max-width: 800px) 100vw, 800px\"><\/a><p id=\"caption-attachment-7266\" class=\"wp-caption-text\">Marinemusikkorps Kiel Gorch Fock Empfang 04.10.2021<\/p><\/div>\n<p>Neben aller Freude &uuml;ber die R&uuml;ckkehr der Gorch Fock in ihren Heimathafen Kiel gibt es jedoch auch &uuml;beraus berechtigte Kritik: Zum einen hatte die Sanierung des Segelschulschiffs viel l&auml;nger gedauert als geplant. Und die Kosten in H&ouml;he von rund 135 Millionen Euro haben sich nach und nach mehr als verzehnfacht. Und laut Umweltsch&uuml;tzern wurde obendrein mutma&szlig;lich auch illegales Teakholz aus Myanmar auf dem Segelschulschiff Gorch Fock verbaut.<\/p>\n<p>Und genau aus diesem Grund gab es bei der R&uuml;ckkehr der Gorch Fock in ihren Heimathafen Kiel im Marinest&uuml;tzpunkt Kiel-Wik am 04.10.2021 auch mehrere Proteste zu Wasser und an Land von verschiedenen Organisationen, darunter von ROBIN WOOD, WWF, Deutsche Umwelthilfe und FSC Deutschland.<\/p>\n<p>Begleitet wurde die Gorch Fock, das Segelschulschiff der Deutschen Marine, nicht nur von privaten Seglern. Die Gorch Fock wurde unter anderem gewisserma&szlig;en eskortiert von den beiden Minenjadbooten M 1058 Fulda und M 1067 Bad Rappenau, den Polizeibooten Staberhuk und Fehmarn, dem Zollboot Amrum, dem SAR-Kreuzer Berlin sowie dem Kieler Museumsschiff <a href=\"https:\/\/welovekiel.com\/de\/lexikon\/ms-stadt-kiel\/\" target=\"_self\" title=\"\" class=\"encyclopedia\">MS Stadt Kiel<\/a>.<\/p>\n<p>Alles in allem erinnerte die R&uuml;ckkehr der Gorch Fock mit tausenden Zuschauern entlang der F&ouml;rde sowie den ganzen Feierlichkeiten ein wenig an die Windjammerparade w&auml;hrend der Kieler Woche. Nur eben mit dem Unterschied, dass es hier Salutsch&uuml;sse und Tornados gab und die Zuschauer hier nur ein einziges Schiff sehen wollten, das Segelschulschiff Gorch Fock.<\/p>\n<h2>Videos: Kiel feiert Gorch Fock R&uuml;ckkehr am 04.10.2021<\/h2>\n<\/div><div class=\"fusion-video fusion-youtube\" style=\"max-width:800px;max-height:450px;\"><div class=\"video-shortcode\"><div class=\"fluid-width-video-wrapper\" style=\"padding-top:56.25%;\"><iframe title=\"YouTube video player 1\" src=\"https:\/\/www.youtube.com\/embed\/KZK3JYTKS6o?wmode=transparent&amp;autoplay=0\" width=\"800\" height=\"450\" allowfullscreen allow=\"autoplay; fullscreen\"><\/iframe><\/div><\/div><\/div><div class=\"fusion-section-separator section-separator slant fusion-section-separator-1\"><div class=\"fusion-section-separator-svg\" style=\"padding:0;margin-left: 0px;margin-right: 0px;\"><svg class=\"fusion-slant-candy\" xmlns=\"http:\/\/www.w3.org\/2000\/svg\" version=\"1.1\" width=\"100%\" height=\"100\" viewbox=\"0 0 100 100\" preserveaspectratio=\"none\" style=\"padding:0;\" fill=\"rgba(246,246,246,1)\"><path d=\"M100 0 L100 100 L0 0 Z\"><\/path><\/svg><\/div><div class=\"fusion-section-separator-spacer\"><div class=\"fusion-section-separator-spacer-height\" style=\"height:99px;\"><\/div><\/div><style type=\"text\/css\">.fusion-section-separator.fusion-section-separator-1 .fusion-section-separator-svg svg,.fusion-section-separator.fusion-section-separator-1 .fusion-section-separator-svg-bg{height:5px;}.fusion-section-separator.fusion-section-separator-1 .fusion-section-separator-spacer-height{height:5px !important;padding-top:inherit !important;}<\/style><\/div><div class=\"fusion-video fusion-youtube\" style=\"max-width:800px;max-height:450px;\"><div class=\"video-shortcode\"><div class=\"fluid-width-video-wrapper\" style=\"padding-top:56.25%;\"><iframe title=\"YouTube video player 2\" src=\"https:\/\/www.youtube.com\/embed\/hgrWo81dbe4?wmode=transparent&amp;autoplay=0\" width=\"800\" height=\"450\" allowfullscreen allow=\"autoplay; fullscreen\"><\/iframe><\/div><\/div><\/div><div class=\"fusion-clearfix\"><\/div><\/div><\/div><\/div><\/div>\n","protected":false},"excerpt":{"rendered":"","protected":false},"author":2,"featured_media":7282,"comment_status":"open","ping_status":"open","sticky":false,"template":"","format":"standard","meta":{"footnotes":""},"categories":[15,89,35,366,800],"tags":[947,90,778,836,33,81,946,943,84,780,734],"class_list":["post-7319","post","type-post","status-publish","format-standard","has-post-thumbnail","hentry","category-allgemein","category-duesternbrook","category-kieler-foerde","category-schiffe","category-wik","tag-deutsche-marine","tag-duesternbrook","tag-gorch-fock","tag-gorch-fock-mole","tag-kieler-foerde","tag-kiellinie","tag-marineschiffe","tag-marinestuetzpunkt-kiel-wik","tag-segelschiffe","tag-segelschulschiff","tag-wik","gallery-content-unit"],"aioseo_notices":[],"aioseo_head":"\n\t\t<!-- All in One SEO 4.9.10 - aioseo.com -->\n\t<meta name=\"description\" content=\"Segelschulschiff Gorch Fock ist zur\u00fcck in Kiel: Ankunft der Gorch Fock am 04.10.2021 im Marinest\u00fctzpunkt Kiel-Wik mit Saltsch\u00fcssen zur feierlichen R\u00fcckkehr des Segelschulschiffs in seinem Heimathafen Kiel.\" \/>\n\t<meta name=\"robots\" content=\"max-image-preview:large\" \/>\n\t<meta name=\"author\" content=\"Christian Gewiese\"\/>\n\t<meta name=\"keywords\" content=\"deutsche marine,d\u00fcsternbrook,gorch fock,gorch-fock-mole,kieler f\u00f6rde,kiellinie,marineschiffe,marinest\u00fctzpunkt kiel-wik,segelschiffe,segelschulschiff,wik,allgemein,schiffe\" \/>\n\t<link rel=\"canonical\" href=\"https:\/\/welovekiel.com\/de\/segelschulschiff-gorch-fock-ist-zurueck-in-kiel-7319\/\" \/>\n\t<meta name=\"generator\" content=\"All in One SEO (AIOSEO) 4.9.10\" \/>\n\t\t<meta property=\"og:locale\" content=\"de_DE\" \/>\n\t\t<meta property=\"og:site_name\" content=\"We love Kiel |\" \/>\n\t\t<meta property=\"og:type\" content=\"article\" \/>\n\t\t<meta property=\"og:title\" content=\"Segelschulschiff Gorch Fock ist zur\u00fcck in Kiel | We love Kiel\" \/>\n\t\t<meta property=\"og:description\" content=\"Segelschulschiff Gorch Fock ist zur\u00fcck in Kiel: Ankunft der Gorch Fock am 04.10.2021 im Marinest\u00fctzpunkt Kiel-Wik mit Saltsch\u00fcssen zur feierlichen R\u00fcckkehr des Segelschulschiffs in seinem Heimathafen Kiel.\" \/>\n\t\t<meta property=\"og:url\" content=\"https:\/\/welovekiel.com\/de\/segelschulschiff-gorch-fock-ist-zurueck-in-kiel-7319\/\" \/>\n\t\t<meta property=\"article:published_time\" content=\"2021-10-05T16:01:25+00:00\" \/>\n\t\t<meta property=\"article:modified_time\" content=\"2021-10-06T16:35:31+00:00\" \/>\n\t\t<meta property=\"article:publisher\" content=\"https:\/\/www.facebook.com\/WeLoveKielCity\/\" \/>\n\t\t<meta name=\"twitter:card\" content=\"summary\" \/>\n\t\t<meta name=\"twitter:title\" content=\"Segelschulschiff Gorch Fock ist zur\u00fcck in Kiel | We love Kiel\" \/>\n\t\t<meta name=\"twitter:description\" content=\"Segelschulschiff Gorch Fock ist zur\u00fcck in Kiel: Ankunft der Gorch Fock am 04.10.2021 im Marinest\u00fctzpunkt Kiel-Wik mit Saltsch\u00fcssen zur feierlichen R\u00fcckkehr des Segelschulschiffs in seinem Heimathafen Kiel.\" \/>\n\t\t<script type=\"application\/ld+json\" class=\"aioseo-schema\">\n\t\t\t{\"@context\":\"https:\\\/\\\/schema.org\",\"@graph\":[{\"@type\":\"Article\",\"@id\":\"https:\\\/\\\/welovekiel.com\\\/de\\\/segelschulschiff-gorch-fock-ist-zurueck-in-kiel-7319\\\/#article\",\"name\":\"Segelschulschiff Gorch Fock ist zur\\u00fcck in Kiel | We love Kiel\",\"headline\":\"Segelschulschiff Gorch Fock ist zur\\u00fcck in Kiel\",\"author\":{\"@id\":\"https:\\\/\\\/welovekiel.com\\\/de\\\/author\\\/christian\\\/#author\"},\"publisher\":{\"@id\":\"https:\\\/\\\/welovekiel.com\\\/de\\\/#organization\"},\"image\":{\"@type\":\"ImageObject\",\"url\":\"https:\\\/\\\/welovekiel.com\\\/wp-content\\\/uploads\\\/segelschulschiff-gorch-fock.jpg\",\"width\":1200,\"height\":800,\"caption\":\"Segelschulschiff an der Gorch-Fock-Mole Kiel\"},\"datePublished\":\"2021-10-05T18:01:25+02:00\",\"dateModified\":\"2021-10-06T18:35:31+02:00\",\"inLanguage\":\"de-DE\",\"mainEntityOfPage\":{\"@id\":\"https:\\\/\\\/welovekiel.com\\\/de\\\/segelschulschiff-gorch-fock-ist-zurueck-in-kiel-7319\\\/#webpage\"},\"isPartOf\":{\"@id\":\"https:\\\/\\\/welovekiel.com\\\/de\\\/segelschulschiff-gorch-fock-ist-zurueck-in-kiel-7319\\\/#webpage\"},\"articleSection\":\"Allgemein, D\\u00fcsternbrook, Kieler F\\u00f6rde, Schiffe, Wik, Deutsche Marine, D\\u00fcsternbrook, Gorch Fock, Gorch-Fock-Mole, Kieler F\\u00f6rde, Kiellinie, Marineschiffe, Marinest\\u00fctzpunkt Kiel-Wik, Segelschiffe, Segelschulschiff, Wik, Optional\"},{\"@type\":\"BreadcrumbList\",\"@id\":\"https:\\\/\\\/welovekiel.com\\\/de\\\/segelschulschiff-gorch-fock-ist-zurueck-in-kiel-7319\\\/#breadcrumblist\",\"itemListElement\":[{\"@type\":\"ListItem\",\"@id\":\"https:\\\/\\\/welovekiel.com\\\/de\\\/#listItem\",\"position\":1,\"name\":\"Home\",\"item\":\"https:\\\/\\\/welovekiel.com\\\/de\\\/\",\"nextItem\":{\"@type\":\"ListItem\",\"@id\":\"https:\\\/\\\/welovekiel.com\\\/de\\\/category\\\/allgemein\\\/#listItem\",\"name\":\"Allgemein\"}},{\"@type\":\"ListItem\",\"@id\":\"https:\\\/\\\/welovekiel.com\\\/de\\\/category\\\/allgemein\\\/#listItem\",\"position\":2,\"name\":\"Allgemein\",\"item\":\"https:\\\/\\\/welovekiel.com\\\/de\\\/category\\\/allgemein\\\/\",\"nextItem\":{\"@type\":\"ListItem\",\"@id\":\"https:\\\/\\\/welovekiel.com\\\/de\\\/segelschulschiff-gorch-fock-ist-zurueck-in-kiel-7319\\\/#listItem\",\"name\":\"Segelschulschiff Gorch Fock ist zur\\u00fcck in Kiel\"},\"previousItem\":{\"@type\":\"ListItem\",\"@id\":\"https:\\\/\\\/welovekiel.com\\\/de\\\/#listItem\",\"name\":\"Home\"}},{\"@type\":\"ListItem\",\"@id\":\"https:\\\/\\\/welovekiel.com\\\/de\\\/segelschulschiff-gorch-fock-ist-zurueck-in-kiel-7319\\\/#listItem\",\"position\":3,\"name\":\"Segelschulschiff Gorch Fock ist zur\\u00fcck in Kiel\",\"previousItem\":{\"@type\":\"ListItem\",\"@id\":\"https:\\\/\\\/welovekiel.com\\\/de\\\/category\\\/allgemein\\\/#listItem\",\"name\":\"Allgemein\"}}]},{\"@type\":\"Organization\",\"@id\":\"https:\\\/\\\/welovekiel.com\\\/de\\\/#organization\",\"name\":\"We love Kiel\",\"url\":\"https:\\\/\\\/welovekiel.com\\\/de\\\/\",\"sameAs\":[\"https:\\\/\\\/www.facebook.com\\\/WeLoveKielCity\\\/\",\"https:\\\/\\\/www.instagram.com\\\/welovekiel\\\/\"]},{\"@type\":\"Person\",\"@id\":\"https:\\\/\\\/welovekiel.com\\\/de\\\/author\\\/christian\\\/#author\",\"url\":\"https:\\\/\\\/welovekiel.com\\\/de\\\/author\\\/christian\\\/\",\"name\":\"Christian Gewiese\",\"image\":{\"@type\":\"ImageObject\",\"@id\":\"https:\\\/\\\/welovekiel.com\\\/de\\\/segelschulschiff-gorch-fock-ist-zurueck-in-kiel-7319\\\/#authorImage\",\"url\":\"https:\\\/\\\/secure.gravatar.com\\\/avatar\\\/97707923f9bed63dfb3bbdf8065fadb426aa1508b119d1c175a90c8939cbdb88?s=96&d=mm&r=g\",\"width\":96,\"height\":96,\"caption\":\"Christian Gewiese\"}},{\"@type\":\"WebPage\",\"@id\":\"https:\\\/\\\/welovekiel.com\\\/de\\\/segelschulschiff-gorch-fock-ist-zurueck-in-kiel-7319\\\/#webpage\",\"url\":\"https:\\\/\\\/welovekiel.com\\\/de\\\/segelschulschiff-gorch-fock-ist-zurueck-in-kiel-7319\\\/\",\"name\":\"Segelschulschiff Gorch Fock ist zur\\u00fcck in Kiel | We love Kiel\",\"description\":\"Segelschulschiff Gorch Fock ist zur\\u00fcck in Kiel: Ankunft der Gorch Fock am 04.10.2021 im Marinest\\u00fctzpunkt Kiel-Wik mit Saltsch\\u00fcssen zur feierlichen R\\u00fcckkehr des Segelschulschiffs in seinem Heimathafen Kiel.\",\"inLanguage\":\"de-DE\",\"isPartOf\":{\"@id\":\"https:\\\/\\\/welovekiel.com\\\/de\\\/#website\"},\"breadcrumb\":{\"@id\":\"https:\\\/\\\/welovekiel.com\\\/de\\\/segelschulschiff-gorch-fock-ist-zurueck-in-kiel-7319\\\/#breadcrumblist\"},\"author\":{\"@id\":\"https:\\\/\\\/welovekiel.com\\\/de\\\/author\\\/christian\\\/#author\"},\"creator\":{\"@id\":\"https:\\\/\\\/welovekiel.com\\\/de\\\/author\\\/christian\\\/#author\"},\"image\":{\"@type\":\"ImageObject\",\"url\":\"https:\\\/\\\/welovekiel.com\\\/wp-content\\\/uploads\\\/segelschulschiff-gorch-fock.jpg\",\"@id\":\"https:\\\/\\\/welovekiel.com\\\/de\\\/segelschulschiff-gorch-fock-ist-zurueck-in-kiel-7319\\\/#mainImage\",\"width\":1200,\"height\":800,\"caption\":\"Segelschulschiff an der Gorch-Fock-Mole Kiel\"},\"primaryImageOfPage\":{\"@id\":\"https:\\\/\\\/welovekiel.com\\\/de\\\/segelschulschiff-gorch-fock-ist-zurueck-in-kiel-7319\\\/#mainImage\"},\"datePublished\":\"2021-10-05T18:01:25+02:00\",\"dateModified\":\"2021-10-06T18:35:31+02:00\"},{\"@type\":\"WebSite\",\"@id\":\"https:\\\/\\\/welovekiel.com\\\/de\\\/#website\",\"url\":\"https:\\\/\\\/welovekiel.com\\\/de\\\/\",\"name\":\"We love Kiel\",\"inLanguage\":\"de-DE\",\"publisher\":{\"@id\":\"https:\\\/\\\/welovekiel.com\\\/de\\\/#organization\"}}]}\n\t\t<\/script>\n\t\t<!-- All in One SEO -->\n\n","aioseo_head_json":{"title":"Segelschulschiff Gorch Fock ist zur\u00fcck in Kiel | We love Kiel","description":"Segelschulschiff Gorch Fock ist zur\u00fcck in Kiel: Ankunft der Gorch Fock am 04.10.2021 im Marinest\u00fctzpunkt Kiel-Wik mit Saltsch\u00fcssen zur feierlichen R\u00fcckkehr des Segelschulschiffs in seinem Heimathafen Kiel.","canonical_url":"https:\/\/welovekiel.com\/de\/segelschulschiff-gorch-fock-ist-zurueck-in-kiel-7319\/","robots":"max-image-preview:large","keywords":"deutsche marine,d\u00fcsternbrook,gorch fock,gorch-fock-mole,kieler f\u00f6rde,kiellinie,marineschiffe,marinest\u00fctzpunkt kiel-wik,segelschiffe,segelschulschiff,wik,allgemein,schiffe","webmasterTools":{"miscellaneous":""},"schema":{"@context":"https:\/\/schema.org","@graph":[{"@type":"Article","@id":"https:\/\/welovekiel.com\/de\/segelschulschiff-gorch-fock-ist-zurueck-in-kiel-7319\/#article","name":"Segelschulschiff Gorch Fock ist zur\u00fcck in Kiel | We love Kiel","headline":"Segelschulschiff Gorch Fock ist zur\u00fcck in Kiel","author":{"@id":"https:\/\/welovekiel.com\/de\/author\/christian\/#author"},"publisher":{"@id":"https:\/\/welovekiel.com\/de\/#organization"},"image":{"@type":"ImageObject","url":"https:\/\/welovekiel.com\/wp-content\/uploads\/segelschulschiff-gorch-fock.jpg","width":1200,"height":800,"caption":"Segelschulschiff an der Gorch-Fock-Mole Kiel"},"datePublished":"2021-10-05T18:01:25+02:00","dateModified":"2021-10-06T18:35:31+02:00","inLanguage":"de-DE","mainEntityOfPage":{"@id":"https:\/\/welovekiel.com\/de\/segelschulschiff-gorch-fock-ist-zurueck-in-kiel-7319\/#webpage"},"isPartOf":{"@id":"https:\/\/welovekiel.com\/de\/segelschulschiff-gorch-fock-ist-zurueck-in-kiel-7319\/#webpage"},"articleSection":"Allgemein, D\u00fcsternbrook, Kieler F\u00f6rde, Schiffe, Wik, Deutsche Marine, D\u00fcsternbrook, Gorch Fock, Gorch-Fock-Mole, Kieler F\u00f6rde, Kiellinie, Marineschiffe, Marinest\u00fctzpunkt Kiel-Wik, Segelschiffe, Segelschulschiff, Wik, Optional"},{"@type":"BreadcrumbList","@id":"https:\/\/welovekiel.com\/de\/segelschulschiff-gorch-fock-ist-zurueck-in-kiel-7319\/#breadcrumblist","itemListElement":[{"@type":"ListItem","@id":"https:\/\/welovekiel.com\/de\/#listItem","position":1,"name":"Home","item":"https:\/\/welovekiel.com\/de\/","nextItem":{"@type":"ListItem","@id":"https:\/\/welovekiel.com\/de\/category\/allgemein\/#listItem","name":"Allgemein"}},{"@type":"ListItem","@id":"https:\/\/welovekiel.com\/de\/category\/allgemein\/#listItem","position":2,"name":"Allgemein","item":"https:\/\/welovekiel.com\/de\/category\/allgemein\/","nextItem":{"@type":"ListItem","@id":"https:\/\/welovekiel.com\/de\/segelschulschiff-gorch-fock-ist-zurueck-in-kiel-7319\/#listItem","name":"Segelschulschiff Gorch Fock ist zur\u00fcck in Kiel"},"previousItem":{"@type":"ListItem","@id":"https:\/\/welovekiel.com\/de\/#listItem","name":"Home"}},{"@type":"ListItem","@id":"https:\/\/welovekiel.com\/de\/segelschulschiff-gorch-fock-ist-zurueck-in-kiel-7319\/#listItem","position":3,"name":"Segelschulschiff Gorch Fock ist zur\u00fcck in Kiel","previousItem":{"@type":"ListItem","@id":"https:\/\/welovekiel.com\/de\/category\/allgemein\/#listItem","name":"Allgemein"}}]},{"@type":"Organization","@id":"https:\/\/welovekiel.com\/de\/#organization","name":"We love Kiel","url":"https:\/\/welovekiel.com\/de\/","sameAs":["https:\/\/www.facebook.com\/WeLoveKielCity\/","https:\/\/www.instagram.com\/welovekiel\/"]},{"@type":"Person","@id":"https:\/\/welovekiel.com\/de\/author\/christian\/#author","url":"https:\/\/welovekiel.com\/de\/author\/christian\/","name":"Christian Gewiese","image":{"@type":"ImageObject","@id":"https:\/\/welovekiel.com\/de\/segelschulschiff-gorch-fock-ist-zurueck-in-kiel-7319\/#authorImage","url":"https:\/\/secure.gravatar.com\/avatar\/97707923f9bed63dfb3bbdf8065fadb426aa1508b119d1c175a90c8939cbdb88?s=96&d=mm&r=g","width":96,"height":96,"caption":"Christian Gewiese"}},{"@type":"WebPage","@id":"https:\/\/welovekiel.com\/de\/segelschulschiff-gorch-fock-ist-zurueck-in-kiel-7319\/#webpage","url":"https:\/\/welovekiel.com\/de\/segelschulschiff-gorch-fock-ist-zurueck-in-kiel-7319\/","name":"Segelschulschiff Gorch Fock ist zur\u00fcck in Kiel | We love Kiel","description":"Segelschulschiff Gorch Fock ist zur\u00fcck in Kiel: Ankunft der Gorch Fock am 04.10.2021 im Marinest\u00fctzpunkt Kiel-Wik mit Saltsch\u00fcssen zur feierlichen R\u00fcckkehr des Segelschulschiffs in seinem Heimathafen Kiel.","inLanguage":"de-DE","isPartOf":{"@id":"https:\/\/welovekiel.com\/de\/#website"},"breadcrumb":{"@id":"https:\/\/welovekiel.com\/de\/segelschulschiff-gorch-fock-ist-zurueck-in-kiel-7319\/#breadcrumblist"},"author":{"@id":"https:\/\/welovekiel.com\/de\/author\/christian\/#author"},"creator":{"@id":"https:\/\/welovekiel.com\/de\/author\/christian\/#author"},"image":{"@type":"ImageObject","url":"https:\/\/welovekiel.com\/wp-content\/uploads\/segelschulschiff-gorch-fock.jpg","@id":"https:\/\/welovekiel.com\/de\/segelschulschiff-gorch-fock-ist-zurueck-in-kiel-7319\/#mainImage","width":1200,"height":800,"caption":"Segelschulschiff an der Gorch-Fock-Mole Kiel"},"primaryImageOfPage":{"@id":"https:\/\/welovekiel.com\/de\/segelschulschiff-gorch-fock-ist-zurueck-in-kiel-7319\/#mainImage"},"datePublished":"2021-10-05T18:01:25+02:00","dateModified":"2021-10-06T18:35:31+02:00"},{"@type":"WebSite","@id":"https:\/\/welovekiel.com\/de\/#website","url":"https:\/\/welovekiel.com\/de\/","name":"We love Kiel","inLanguage":"de-DE","publisher":{"@id":"https:\/\/welovekiel.com\/de\/#organization"}}]},"og:locale":"de_DE","og:site_name":"We love Kiel |","og:type":"article","og:title":"Segelschulschiff Gorch Fock ist zur\u00fcck in Kiel | We love Kiel","og:description":"Segelschulschiff Gorch Fock ist zur\u00fcck in Kiel: Ankunft der Gorch Fock am 04.10.2021 im Marinest\u00fctzpunkt Kiel-Wik mit Saltsch\u00fcssen zur feierlichen R\u00fcckkehr des Segelschulschiffs in seinem Heimathafen Kiel.","og:url":"https:\/\/welovekiel.com\/de\/segelschulschiff-gorch-fock-ist-zurueck-in-kiel-7319\/","article:published_time":"2021-10-05T16:01:25+00:00","article:modified_time":"2021-10-06T16:35:31+00:00","article:publisher":"https:\/\/www.facebook.com\/WeLoveKielCity\/","twitter:card":"summary","twitter:title":"Segelschulschiff Gorch Fock ist zur\u00fcck in Kiel | We love Kiel","twitter:description":"Segelschulschiff Gorch Fock ist zur\u00fcck in Kiel: Ankunft der Gorch Fock am 04.10.2021 im Marinest\u00fctzpunkt Kiel-Wik mit Saltsch\u00fcssen zur feierlichen R\u00fcckkehr des Segelschulschiffs in seinem Heimathafen Kiel."},"aioseo_meta_data":{"post_id":"7319","title":null,"description":"Segelschulschiff Gorch Fock ist zur\u00fcck in Kiel: Ankunft der Gorch Fock am 04.10.2021 im Marinest\u00fctzpunkt Kiel-Wik mit Saltsch\u00fcssen zur feierlichen R\u00fcckkehr des Segelschulschiffs in seinem Heimathafen Kiel.","keywords":[],"keyphrases":{"focus":{"keyphrase":"Segelschulschiff Gorch Fock","score":73,"analysis":{"keyphraseInTitle":{"title":"Focus Keyphrase in SEO title","description":"Focus Keyphrase found in SEO title.","score":9,"maxScore":9,"error":0},"keyphraseInDescription":{"title":"Focus keyphrase in meta description","description":"Focus keyphrase found in meta description.","score":9,"maxScore":9,"error":0},"keyphraseInURL":{"title":"Focus Keyphrase in URL","description":"Focus Keyphrase not found in the URL.","score":1,"maxScore":5,"error":1},"keyphraseLength":{"title":"Focus keyphrase length","description":"Good job!","score":9,"maxScore":9,"error":0,"length":3},"keyphraseInIntroduction":{"title":"Focus keyphrase in introduction","description":"Your Focus keyphrase does not appear in the first paragraph. Make sure the topic is clear immediately.","score":3,"maxScore":9,"error":1},"keyphraseInSubHeadings":{"title":"Focus Keyphrase in Subheadings","description":"Use your focus keyphrase more in your H2 and H3 subheadings.","score":3,"maxScore":9,"error":1},"keyphraseInImageAlt":{"title":"Focus keyphrase in image alt attributes","description":"Focus keyphrase found in image alt attribute(s).","score":9,"maxScore":9,"error":0}}},"additional":[]},"primary_term":null,"canonical_url":null,"og_title":null,"og_description":null,"og_object_type":"default","og_image_type":"default","og_image_url":null,"og_image_width":null,"og_image_height":null,"og_image_custom_url":null,"og_image_custom_fields":null,"og_video":"","og_custom_url":null,"og_article_section":null,"og_article_tags":[],"twitter_use_og":false,"twitter_card":"default","twitter_image_type":"default","twitter_image_url":null,"twitter_image_custom_url":null,"twitter_image_custom_fields":null,"twitter_title":null,"twitter_description":null,"schema":{"blockGraphs":[],"customGraphs":[],"default":{"data":{"Article":{"id":"aioseo-article-635667b25199c","slug":"article","graphName":"Article","label":"Artikel","properties":{"type":"BlogPosting","name":"#post_title","headline":"#post_title","description":"#post_excerpt","image":"","keywords":"","author":{"name":"#author_name","url":"#author_url"},"dates":{"include":true,"datePublished":"","dateModified":""}}},"Course":[],"Dataset":[],"FAQPage":[],"Movie":[],"Person":[],"Product":[],"ProductReview":[],"Car":[],"Recipe":[],"Service":[],"SoftwareApplication":[],"WebPage":[]},"graphName":"Article","isEnabled":true},"graphs":[]},"schema_type":"default","schema_type_options":"{\"article\":{\"articleType\":\"BlogPosting\"},\"course\":{\"name\":\"\",\"description\":\"\",\"provider\":\"\"},\"faq\":{\"pages\":[]},\"product\":{\"reviews\":[]},\"recipe\":{\"ingredients\":[],\"instructions\":[],\"keywords\":[]},\"software\":{\"reviews\":[],\"operatingSystems\":[]},\"webPage\":{\"webPageType\":\"WebPage\"}}","pillar_content":false,"robots_default":true,"robots_noindex":false,"robots_noarchive":false,"robots_nosnippet":false,"robots_nofollow":false,"robots_noimageindex":false,"robots_noodp":false,"robots_notranslate":false,"robots_max_snippet":"-1","robots_max_videopreview":"-1","robots_max_imagepreview":"large","priority":null,"frequency":"default","local_seo":null,"breadcrumb_settings":null,"limit_modified_date":false,"ai":null,"created":"2021-10-06 16:01:25","updated":"2026-06-30 17:04:54","seo_analyzer_scan_date":null},"aioseo_breadcrumb":"<div class=\"aioseo-breadcrumbs\"><span class=\"aioseo-breadcrumb\">\n\t\t\t<a href=\"https:\/\/welovekiel.com\/de\/\" title=\"Home\">Home<\/a>\n\t\t<\/span><span class=\"aioseo-breadcrumb-separator\">&raquo;<\/span><span class=\"aioseo-breadcrumb\">\n\t\t\t<a href=\"https:\/\/welovekiel.com\/de\/category\/allgemein\/\" title=\"Allgemein\">Allgemein<\/a>\n\t\t<\/span><span class=\"aioseo-breadcrumb-separator\">&raquo;<\/span><span class=\"aioseo-breadcrumb\">\n\t\t\tSegelschulschiff Gorch Fock ist zur\u00fcck in Kiel\n\t\t<\/span><\/div>","aioseo_breadcrumb_json":[{"label":"Home","link":"https:\/\/welovekiel.com\/de\/"},{"label":"Allgemein","link":"https:\/\/welovekiel.com\/de\/category\/allgemein\/"},{"label":"Segelschulschiff Gorch Fock ist zur\u00fcck in Kiel","link":"https:\/\/welovekiel.com\/de\/segelschulschiff-gorch-fock-ist-zurueck-in-kiel-7319\/"}],"_links":{"self":[{"href":"https:\/\/welovekiel.com\/de\/wp-json\/wp\/v2\/posts\/7319","targetHints":{"allow":["GET"]}}],"collection":[{"href":"https:\/\/welovekiel.com\/de\/wp-json\/wp\/v2\/posts"}],"about":[{"href":"https:\/\/welovekiel.com\/de\/wp-json\/wp\/v2\/types\/post"}],"author":[{"embeddable":true,"href":"https:\/\/welovekiel.com\/de\/wp-json\/wp\/v2\/users\/2"}],"replies":[{"embeddable":true,"href":"https:\/\/welovekiel.com\/de\/wp-json\/wp\/v2\/comments?post=7319"}],"version-history":[{"count":0,"href":"https:\/\/welovekiel.com\/de\/wp-json\/wp\/v2\/posts\/7319\/revisions"}],"wp:featuredmedia":[{"embeddable":true,"href":"https:\/\/welovekiel.com\/de\/wp-json\/wp\/v2\/media\/7282"}],"wp:attachment":[{"href":"https:\/\/welovekiel.com\/de\/wp-json\/wp\/v2\/media?parent=7319"}],"wp:term":[{"taxonomy":"category","embeddable":true,"href":"https:\/\/welovekiel.com\/de\/wp-json\/wp\/v2\/categories?post=7319"},{"taxonomy":"post_tag","embeddable":true,"href":"https:\/\/welovekiel.com\/de\/wp-json\/wp\/v2\/tags?post=7319"}],"curies":[{"name":"wp","href":"https:\/\/api.w.org\/{rel}","templated":true}]}}