{"id":4982,"date":"2021-04-21T08:05:24","date_gmt":"2021-04-21T06:05:24","guid":{"rendered":"https:\/\/welovekiel.com\/?p=4982"},"modified":"2021-04-24T13:18:19","modified_gmt":"2021-04-24T11:18:19","slug":"neuer-name-kieler-marinestuetzpunkt-tirpitzhafen-kiel-wird-umbenannt","status":"publish","type":"post","link":"https:\/\/welovekiel.com\/de\/neuer-name-kieler-marinestuetzpunkt-tirpitzhafen-kiel-wird-umbenannt-4982\/","title":{"rendered":"Neuer Name: Kieler Marinest\u00fctzpunkt Tirpitzhafen Kiel wird umbenannt"},"content":{"rendered":"<p><strong>Neuer Name steht fest: Kieler Marinest&uuml;tzpunkt Tirpitzhafen wird umbenannt. Der neue Name des Marinehafens lautet Marinest&uuml;tzpunkt Kiel Wik.<\/strong><\/p>\n<p>Dass es bereits seit einiger Zeit Bestrebungen bez&uuml;glich der Umbenennung des Tirpitzhafens gibt ist ja nicht sonderlich neu. Aber nun ist die finale Entscheidung gefallen und auch der neue Name steht bereits fest. Aus <a href=\"https:\/\/welovekiel.com\/de\/lexikon\/tirpitzhafen-kiel\/\" target=\"_self\" title=\"\" class=\"encyclopedia\">Tirpitzhafen Kiel<\/a> wird <a href=\"https:\/\/welovekiel.com\/de\/lexikon\/marinestuetzpunkt-kiel-wik\/\" target=\"_self\" title=\"\" class=\"encyclopedia\">Marinest&uuml;tzpunkt Kiel-Wik<\/a>, also eine Benennung nach dem Kieler Stadtteil Wik, in dem sich der Marinest&uuml;tzpunkt befindet.<\/p>\n<p>Dar&uuml;ber hinaus gab es noch zwei weitere Umbenennungen in der Kieler Marinebasis. Die Tirpitzmole, an der sich auch der Liegeplatz des Segelschulschiffs Gorch Fock befindet, wurde in <a href=\"https:\/\/welovekiel.com\/de\/lexikon\/gorch-fock-mole\/\" target=\"_self\" title=\"\" class=\"encyclopedia\">Gorch-Fock-Mole<\/a> umbenannt. Au&szlig;erdem lautet der neue Name der Scheermole nun Oskar-Kusch-Mole.<\/p>\n<p>Bereits seit mehreren Jahren pr&uuml;ft die Bundeswehr bundesweit die Namen von Kasernen sowie weiteren Infrastrukturelementen auf ihre Traditionsw&uuml;rdigkeit und nimmt dort, wo es notwendig ist, eine Umbenennung vor. <a title=\"Wikipedia: Alfred von Tirpitz\" href=\"https:\/\/de.wikipedia.org\/wiki\/Alfred_von_Tirpitz\" target=\"_blank\" rel=\"noopener\"><strong>Tirpitz<\/strong><\/a> und <a title=\"Wikipedia: Reinhard Scheer\" href=\"https:\/\/de.wikipedia.org\/wiki\/Reinhard_Scheer\" target=\"_blank\" rel=\"noopener\"><strong>Scheer<\/strong><\/a>, Admir&auml;le der Kaiserlichen Marine im Ersten Weltkrieg, erschienen nicht mehr traditions- und zeitgem&auml;&szlig;.<\/p>\n","protected":false},"excerpt":{"rendered":"<p>Neuer Name steht fest: Kieler Marinest\u00fctzpunkt Tirpitzhafen wird umbenannt. Der neue Name des Marinehafens lautet Marinest\u00fctzpunkt Kiel Wik. Dass es bereits seit einiger Zeit Bestrebungen bez\u00fcglich der Umbenennung des Tirpitzhafens gibt ist ja nicht sonderlich [&hellip;]<\/p>\n","protected":false},"author":2,"featured_media":1196,"comment_status":"open","ping_status":"open","sticky":false,"template":"","format":"standard","meta":{"footnotes":""},"categories":[15,35,800],"tags":[837,778,836,736,33,164,163,781,734],"class_list":["post-4982","post","type-post","status-publish","format-standard","has-post-thumbnail","hentry","category-allgemein","category-kieler-foerde","category-wik","tag-bundeswehr","tag-gorch-fock","tag-gorch-fock-mole","tag-hafen","tag-kieler-foerde","tag-marine","tag-tirpitzhafen","tag-tirpitzmole","tag-wik","gallery-content-unit"],"aioseo_notices":[],"_links":{"self":[{"href":"https:\/\/welovekiel.com\/de\/wp-json\/wp\/v2\/posts\/4982","targetHints":{"allow":["GET"]}}],"collection":[{"href":"https:\/\/welovekiel.com\/de\/wp-json\/wp\/v2\/posts"}],"about":[{"href":"https:\/\/welovekiel.com\/de\/wp-json\/wp\/v2\/types\/post"}],"author":[{"embeddable":true,"href":"https:\/\/welovekiel.com\/de\/wp-json\/wp\/v2\/users\/2"}],"replies":[{"embeddable":true,"href":"https:\/\/welovekiel.com\/de\/wp-json\/wp\/v2\/comments?post=4982"}],"version-history":[{"count":3,"href":"https:\/\/welovekiel.com\/de\/wp-json\/wp\/v2\/posts\/4982\/revisions"}],"predecessor-version":[{"id":4997,"href":"https:\/\/welovekiel.com\/de\/wp-json\/wp\/v2\/posts\/4982\/revisions\/4997"}],"wp:featuredmedia":[{"embeddable":true,"href":"https:\/\/welovekiel.com\/de\/wp-json\/wp\/v2\/media\/1196"}],"wp:attachment":[{"href":"https:\/\/welovekiel.com\/de\/wp-json\/wp\/v2\/media?parent=4982"}],"wp:term":[{"taxonomy":"category","embeddable":true,"href":"https:\/\/welovekiel.com\/de\/wp-json\/wp\/v2\/categories?post=4982"},{"taxonomy":"post_tag","embeddable":true,"href":"https:\/\/welovekiel.com\/de\/wp-json\/wp\/v2\/tags?post=4982"}],"curies":[{"name":"wp","href":"https:\/\/api.w.org\/{rel}","templated":true}]}}