{"id":14111,"date":"2023-04-04T13:13:22","date_gmt":"2023-04-04T11:13:22","guid":{"rendered":"https:\/\/welovekiel.com\/?p=14111"},"modified":"2023-04-05T23:40:04","modified_gmt":"2023-04-05T21:40:04","slug":"uebung-in-der-kieler-foerde-nato-fregatten-werden-von-spezialkraeften-der-marine-in-der-foerde-attackiert","status":"publish","type":"post","link":"https:\/\/welovekiel.com\/de\/uebung-in-der-kieler-foerde-nato-fregatten-werden-von-spezialkraeften-der-marine-in-der-foerde-attackiert-14111\/","title":{"rendered":"\u00dcbung in der Kieler F\u00f6rde: NATO Fregatten werden von Spezialkr\u00e4ften der Marine in der F\u00f6rde attackiert"},"content":{"rendered":"<div class=\"fusion-fullwidth fullwidth-box fusion-builder-row-1 fusion-flex-container nonhundred-percent-fullwidth non-hundred-percent-height-scrolling\" style=\"background-color: rgba(255,255,255,0);background-position: center center;background-repeat: no-repeat;border-width: 0px 0px 0px 0px;border-color:#eae9e9;border-style:solid;\"><div class=\"fusion-builder-row fusion-row fusion-flex-align-items-flex-start\" style=\"max-width:1144px;margin-left: calc(-4% \/ 2 );margin-right: calc(-4% \/ 2 );\"><div class=\"fusion-layout-column fusion_builder_column fusion-builder-column-0 fusion_builder_column_1_1 1_1 fusion-flex-column\"><div class=\"fusion-column-wrapper fusion-flex-justify-content-flex-start fusion-content-layout-column\" style=\"background-position:left top;background-repeat:no-repeat;-webkit-background-size:cover;-moz-background-size:cover;-o-background-size:cover;background-size:cover;padding: 0px 0px 0px 0px;\"><div class=\"fusion-text fusion-text-1\"><p><strong>&Uuml;bung in der <a href=\"https:\/\/welovekiel.com\/de\/lexikon\/kieler-foerde\/\" target=\"_self\" title=\"\" class=\"encyclopedia\">Kieler F&ouml;rde<\/a>: NATO Fregatten werden von Spezialkr&auml;ften der Marine in der F&ouml;rde attackiert, nachdem die Marineschiffe den Marinest&uuml;tzpunkt Richtung Ostsee verlassen hatten.<\/strong><\/p>\n<p>Das KSM, das ist das Kommando Spezialkr&auml;fte der Marine, hatte in einer &Uuml;bung in der Kieler F&ouml;rde am 3.4.2023 Schein&uuml;berf&auml;lle auf mehrere Fregatten des NATO Einsatzverbandes 1 (Standing NATO Maritime Group 1 \/ SNMG 1) simuliert. &Uuml;ber das Wochenende waren f&uuml;nf Fregatten der Standing NATO Maritime Group 1 (SNMG 1) zu Gast im Kieler Marinest&uuml;tzpunkt. Am Montagvormittag (3. April 2023) haben die Schiffe den Kieler Marinehafen Richtung Ostsee verlassen. Doch H&ouml;he Friedrichsorter Leuchtturm sowie auf der gegen&uuml;berliegenden Seite der F&ouml;rde hatten Spezialkr&auml;fte der deutschen Marine mit mehren Boomranger Schnellbooten einen Hinterhalt vorbereitet. Hier an der Friedrichsorter Enge, eine Engstelle in der Kieler F&ouml;rde, war der perfekte Ort f&uuml;r einen Hinterhalt und eine &Uuml;bung f&uuml;r eine Bedrohungslage der Marineschiffe.<\/p>\n<p>Die Spezialkr&auml;fte der Marine f&uuml;hrten hier in der F&ouml;rde an diesem Tag insgesamt f&uuml;nf Scheinangriffe auf vorbeifahrende Fregatten durch. Begleitet wurden die Angriffe durch Sirenen, Durchsagen und Sch&uuml;sse mit verschiedenen Waffen, die von der Besatzung der durch die KSM angegriffenen Schiffe abgegeben wurden. Dabei handelte es sich nat&uuml;rlich nur um Platzpatronen, schlie&szlig;lich handelte es sich um eine &Uuml;bung.<\/p>\n<p>Vom Leuchtturm am <a href=\"https:\/\/welovekiel.com\/de\/lexikon\/falckensteiner-strand\/\" target=\"_self\" title=\"\" class=\"encyclopedia\">Falckensteiner Strand<\/a> aus konnte man die &Uuml;bung der Soldaten vom Kommando Spezialkr&auml;fte der Marine (KSM) sehr gut beobachten und das Szenario schien durchaus realistisch. Gut versteckt hinter dem Leuchtturm wurde auf den passenden Moment gewartet, um dann zeitgleich von beiden Seiten der F&ouml;rde die Fregatten anzugreifen. Und bei jedem Angriff konnte man aus Richtung der Fregatten Sch&uuml;sse h&ouml;ren.<\/p>\n<h2>Bilder der &Uuml;bung in der Kieler F&ouml;rde<\/h2>\n\n\t\t<style type=\"text\/css\">\n\t\t\t#gallery-1 {\n\t\t\t\tmargin: auto;\n\t\t\t}\n\t\t\t#gallery-1 .gallery-item {\n\t\t\t\tfloat: left;\n\t\t\t\tmargin-top: 10px;\n\t\t\t\ttext-align: center;\n\t\t\t\twidth: 50%;\n\t\t\t}\n\t\t\t#gallery-1 img {\n\t\t\t\tborder: 2px solid #cfcfcf;\n\t\t\t}\n\t\t\t#gallery-1 .gallery-caption {\n\t\t\t\tmargin-left: 0;\n\t\t\t}\n\t\t\t\/* see gallery_shortcode() in wp-includes\/media.php *\/\n\t\t<\/style>\n\t\t<div id=\"gallery-1\" class=\"gallery galleryid-14111 gallery-columns-2 gallery-size-fusion-400\"><dl class=\"gallery-item\">\n\t\t\t<dt class=\"gallery-icon landscape\">\n\t\t\t\t<a data-rel=\"iLightbox[postimages]\" data-title=\"&Uuml;bung Kommando Spezialkr&auml;fte der Marine in der Kieler F&ouml;rde\" data-caption=\"&Uuml;bung Kommando Spezialkr&auml;fte der Marine in der Kieler F&ouml;rde\" href=\"https:\/\/welovekiel.com\/wp-content\/uploads\/uebung-ksm-kommando-spezialkraefte-marine.jpg\" title=\"&Uuml;bung Kommando Spezialkr&auml;fte der Marine in der Kieler F&ouml;rde\" data-description=\"&Uuml;bung Kommando Spezialkr&auml;fte der Marine in der Kieler F&ouml;rde\"><img decoding=\"async\" width=\"400\" height=\"300\" src=\"https:\/\/welovekiel.com\/wp-content\/uploads\/uebung-ksm-kommando-spezialkraefte-marine-400x300.jpg\" class=\"attachment-fusion-400 size-fusion-400 lazyload\" alt=\"&Uuml;bung Kommando Spezialkr&auml;fte der Marine in der Kieler F&ouml;rde\" aria-describedby=\"gallery-1-14107\" srcset=\"data:image\/svg+xml,%3Csvg%20xmlns%3D%27http%3A%2F%2Fwww.w3.org%2F2000%2Fsvg%27%20width%3D%271200%27%20height%3D%27900%27%20viewBox%3D%270%200%201200%20900%27%3E%3Crect%20width%3D%271200%27%20height%3D%27900%27%20fill-opacity%3D%220%22%2F%3E%3C%2Fsvg%3E\" data-orig-src=\"https:\/\/welovekiel.com\/wp-content\/uploads\/uebung-ksm-kommando-spezialkraefte-marine-400x300.jpg\" data-srcset=\"https:\/\/welovekiel.com\/wp-content\/uploads\/uebung-ksm-kommando-spezialkraefte-marine-200x150.jpg 200w, https:\/\/welovekiel.com\/wp-content\/uploads\/uebung-ksm-kommando-spezialkraefte-marine-300x225.jpg 300w, https:\/\/welovekiel.com\/wp-content\/uploads\/uebung-ksm-kommando-spezialkraefte-marine-400x300.jpg 400w, https:\/\/welovekiel.com\/wp-content\/uploads\/uebung-ksm-kommando-spezialkraefte-marine-600x450.jpg 600w, https:\/\/welovekiel.com\/wp-content\/uploads\/uebung-ksm-kommando-spezialkraefte-marine-768x576.jpg 768w, https:\/\/welovekiel.com\/wp-content\/uploads\/uebung-ksm-kommando-spezialkraefte-marine-800x600.jpg 800w, https:\/\/welovekiel.com\/wp-content\/uploads\/uebung-ksm-kommando-spezialkraefte-marine-1024x768.jpg 1024w, https:\/\/welovekiel.com\/wp-content\/uploads\/uebung-ksm-kommando-spezialkraefte-marine.jpg 1200w\" data-sizes=\"auto\"><\/a>\n\t\t\t<\/dt>\n\t\t\t\t<dd class=\"wp-caption-text gallery-caption\" id=\"gallery-1-14107\">\n\t\t\t\t&Uuml;bung Kommando Spezialkr&auml;fte der Marine in der Kieler F&ouml;rde\n\t\t\t\t<\/dd><\/dl><dl class=\"gallery-item\">\n\t\t\t<dt class=\"gallery-icon landscape\">\n\t\t\t\t<a data-rel=\"iLightbox[postimages]\" data-title=\"KSM Kommando Spezialkr&auml;fte der Marine\" data-caption=\"KSM Kommando Spezialkr&auml;fte der Marine\" href=\"https:\/\/welovekiel.com\/wp-content\/uploads\/ksm-kommando-spezialkraefte-der-marine.jpg\" title=\"KSM Kommando Spezialkr&auml;fte der Marine\" data-description=\"KSM Kommando Spezialkr&auml;fte der Marine\"><img decoding=\"async\" width=\"400\" height=\"300\" src=\"https:\/\/welovekiel.com\/wp-content\/uploads\/ksm-kommando-spezialkraefte-der-marine-400x300.jpg\" class=\"attachment-fusion-400 size-fusion-400 lazyload\" alt=\"KSM Kommando Spezialkr&auml;fte der Marine\" aria-describedby=\"gallery-1-14101\" srcset=\"data:image\/svg+xml,%3Csvg%20xmlns%3D%27http%3A%2F%2Fwww.w3.org%2F2000%2Fsvg%27%20width%3D%271200%27%20height%3D%27900%27%20viewBox%3D%270%200%201200%20900%27%3E%3Crect%20width%3D%271200%27%20height%3D%27900%27%20fill-opacity%3D%220%22%2F%3E%3C%2Fsvg%3E\" data-orig-src=\"https:\/\/welovekiel.com\/wp-content\/uploads\/ksm-kommando-spezialkraefte-der-marine-400x300.jpg\" data-srcset=\"https:\/\/welovekiel.com\/wp-content\/uploads\/ksm-kommando-spezialkraefte-der-marine-200x150.jpg 200w, https:\/\/welovekiel.com\/wp-content\/uploads\/ksm-kommando-spezialkraefte-der-marine-300x225.jpg 300w, https:\/\/welovekiel.com\/wp-content\/uploads\/ksm-kommando-spezialkraefte-der-marine-400x300.jpg 400w, https:\/\/welovekiel.com\/wp-content\/uploads\/ksm-kommando-spezialkraefte-der-marine-600x450.jpg 600w, https:\/\/welovekiel.com\/wp-content\/uploads\/ksm-kommando-spezialkraefte-der-marine-768x576.jpg 768w, https:\/\/welovekiel.com\/wp-content\/uploads\/ksm-kommando-spezialkraefte-der-marine-800x600.jpg 800w, https:\/\/welovekiel.com\/wp-content\/uploads\/ksm-kommando-spezialkraefte-der-marine-1024x768.jpg 1024w, https:\/\/welovekiel.com\/wp-content\/uploads\/ksm-kommando-spezialkraefte-der-marine.jpg 1200w\" data-sizes=\"auto\"><\/a>\n\t\t\t<\/dt>\n\t\t\t\t<dd class=\"wp-caption-text gallery-caption\" id=\"gallery-1-14101\">\n\t\t\t\tKSM Kommando Spezialkr&auml;fte der Marine\n\t\t\t\t<\/dd><\/dl><br style=\"clear: both\"><dl class=\"gallery-item\">\n\t\t\t<dt class=\"gallery-icon landscape\">\n\t\t\t\t<a data-rel=\"iLightbox[postimages]\" data-title=\"KSM Spezialkr&auml;fte mit Schnellbooten in der F&ouml;rde\" data-caption=\"KSM Spezialkr&auml;fte mit Schnellbooten in der F&ouml;rde\" href=\"https:\/\/welovekiel.com\/wp-content\/uploads\/boomranger-schnellboote-ksm-kieler-foerde.jpg\" title=\"KSM Spezialkr&auml;fte mit Schnellbooten in der F&ouml;rde\" data-description=\"KSM Spezialkr&auml;fte mit Schnellbooten in der F&ouml;rde\"><img decoding=\"async\" width=\"400\" height=\"300\" src=\"https:\/\/welovekiel.com\/wp-content\/uploads\/boomranger-schnellboote-ksm-kieler-foerde-400x300.jpg\" class=\"attachment-fusion-400 size-fusion-400 lazyload\" alt=\"KSM Spezialkr&auml;fte mit Schnellbooten in der F&ouml;rde\" aria-describedby=\"gallery-1-14085\" srcset=\"data:image\/svg+xml,%3Csvg%20xmlns%3D%27http%3A%2F%2Fwww.w3.org%2F2000%2Fsvg%27%20width%3D%271200%27%20height%3D%27900%27%20viewBox%3D%270%200%201200%20900%27%3E%3Crect%20width%3D%271200%27%20height%3D%27900%27%20fill-opacity%3D%220%22%2F%3E%3C%2Fsvg%3E\" data-orig-src=\"https:\/\/welovekiel.com\/wp-content\/uploads\/boomranger-schnellboote-ksm-kieler-foerde-400x300.jpg\" data-srcset=\"https:\/\/welovekiel.com\/wp-content\/uploads\/boomranger-schnellboote-ksm-kieler-foerde-200x150.jpg 200w, https:\/\/welovekiel.com\/wp-content\/uploads\/boomranger-schnellboote-ksm-kieler-foerde-300x225.jpg 300w, https:\/\/welovekiel.com\/wp-content\/uploads\/boomranger-schnellboote-ksm-kieler-foerde-400x300.jpg 400w, https:\/\/welovekiel.com\/wp-content\/uploads\/boomranger-schnellboote-ksm-kieler-foerde-600x450.jpg 600w, https:\/\/welovekiel.com\/wp-content\/uploads\/boomranger-schnellboote-ksm-kieler-foerde-768x576.jpg 768w, https:\/\/welovekiel.com\/wp-content\/uploads\/boomranger-schnellboote-ksm-kieler-foerde-800x600.jpg 800w, https:\/\/welovekiel.com\/wp-content\/uploads\/boomranger-schnellboote-ksm-kieler-foerde-1024x768.jpg 1024w, https:\/\/welovekiel.com\/wp-content\/uploads\/boomranger-schnellboote-ksm-kieler-foerde.jpg 1200w\" data-sizes=\"auto\"><\/a>\n\t\t\t<\/dt>\n\t\t\t\t<dd class=\"wp-caption-text gallery-caption\" id=\"gallery-1-14085\">\n\t\t\t\tKSM Spezialkr&auml;fte mit Schnellbooten in der F&ouml;rde\n\t\t\t\t<\/dd><\/dl><dl class=\"gallery-item\">\n\t\t\t<dt class=\"gallery-icon landscape\">\n\t\t\t\t<a data-rel=\"iLightbox[postimages]\" data-title=\"Polnische Fregatte 273 General Tadeusz Kosciuszko\" data-caption=\"Polnische Fregatte 273 General Tadeusz Kosciuszko\" href=\"https:\/\/welovekiel.com\/wp-content\/uploads\/general-tadeusz-kosciuszko-fregatte-273.jpg\" title=\"Polnische Fregatte 273 General Tadeusz Kosciuszko\" data-description=\"Polnische Fregatte 273 General Tadeusz Kosciuszko\"><img decoding=\"async\" width=\"400\" height=\"300\" src=\"https:\/\/welovekiel.com\/wp-content\/uploads\/general-tadeusz-kosciuszko-fregatte-273-400x300.jpg\" class=\"attachment-fusion-400 size-fusion-400 lazyload\" alt=\"Polnische Fregatte 273 General Tadeusz Kosciuszko\" aria-describedby=\"gallery-1-14095\" srcset=\"data:image\/svg+xml,%3Csvg%20xmlns%3D%27http%3A%2F%2Fwww.w3.org%2F2000%2Fsvg%27%20width%3D%271200%27%20height%3D%27900%27%20viewBox%3D%270%200%201200%20900%27%3E%3Crect%20width%3D%271200%27%20height%3D%27900%27%20fill-opacity%3D%220%22%2F%3E%3C%2Fsvg%3E\" data-orig-src=\"https:\/\/welovekiel.com\/wp-content\/uploads\/general-tadeusz-kosciuszko-fregatte-273-400x300.jpg\" data-srcset=\"https:\/\/welovekiel.com\/wp-content\/uploads\/general-tadeusz-kosciuszko-fregatte-273-200x150.jpg 200w, https:\/\/welovekiel.com\/wp-content\/uploads\/general-tadeusz-kosciuszko-fregatte-273-300x225.jpg 300w, https:\/\/welovekiel.com\/wp-content\/uploads\/general-tadeusz-kosciuszko-fregatte-273-400x300.jpg 400w, https:\/\/welovekiel.com\/wp-content\/uploads\/general-tadeusz-kosciuszko-fregatte-273-600x450.jpg 600w, https:\/\/welovekiel.com\/wp-content\/uploads\/general-tadeusz-kosciuszko-fregatte-273-768x576.jpg 768w, https:\/\/welovekiel.com\/wp-content\/uploads\/general-tadeusz-kosciuszko-fregatte-273-800x600.jpg 800w, https:\/\/welovekiel.com\/wp-content\/uploads\/general-tadeusz-kosciuszko-fregatte-273-1024x768.jpg 1024w, https:\/\/welovekiel.com\/wp-content\/uploads\/general-tadeusz-kosciuszko-fregatte-273.jpg 1200w\" data-sizes=\"auto\"><\/a>\n\t\t\t<\/dt>\n\t\t\t\t<dd class=\"wp-caption-text gallery-caption\" id=\"gallery-1-14095\">\n\t\t\t\tPolnische Fregatte 273 General Tadeusz Kosciuszko\n\t\t\t\t<\/dd><\/dl><br style=\"clear: both\">\n\t\t<\/div>\n\n<p>Noch mehr Fotos: <a title=\"Kommando Spezialkr&auml;fte der Marine simuliert Angriff auf NATO Fregatten in der Kieler F&ouml;rde\" href=\"https:\/\/welovekiel.com\/de\/galleries\/kommando-spezialkraefte-der-marine-simuliert-angriff-auf-nato-fregatten-in-der-kieler-foerde\/\">Bildergalerie KSM in der Kieler F&ouml;rde<\/a><\/p>\n<p><strong>Folgende Fregatten hatten am Montag die Kieler F&ouml;rde durchquert und wurde vom KSM Kommando Spezialkr&auml;fte der Marine angegriffen:<\/strong><\/p>\n<ul>\n<li>F 363 HDMS Niels Juel (D&auml;nsiche Marine)<\/li>\n<li>F 333 Bartolomeu Dias (Portugiesische Marine)<\/li>\n<li>273 ORP General Tadeusz Kosciuszko (Polnische Marine)<\/li>\n<li>F 101 Alvaro de Bazan (Spanische Marine)<\/li>\n<li>F 218 Mecklenburg-Vorpommern (Deutsche Marine)<\/li>\n<\/ul>\n<p>Im nachfolgenden Video ist zu sehen, wie die Eliteeinheit der Marine, das KSM, die ersten vier der oben aufgef&uuml;hrten Fregatten angreift. Die Fregatte Mecklenburg-Vorpommern und der Scheinangriff durch das Kommando Spezialkr&auml;fte der Marine mit ihren Boomranger Speedbooten ist nicht in diesem Video mit dabei.<\/p>\n<p>Das Kommando Spezialkr&auml;fte der Marine (KSM) ist ein Spezialkr&auml;fteverband der Deutschen Marine und neben dem Kommando Spezialkr&auml;fte und der 4. fliegenden Staffel des Hubschraubergeschwaders 64 Teil der Spezialkr&auml;fte der Bundeswehr. Den Kern der maritimen Spezialkr&auml;fte bilden die Kampfschwimmer der Deutschen Marine. Das Kommando ist in Eckernf&ouml;rde stationiert und untersteht der Einsatzflottille 1.<\/p>\n<h2>Video: KSM &Uuml;bung in der F&ouml;rde<\/h2>\n<\/div><div class=\"fusion-video fusion-youtube\" style=\"max-width:800px;max-height:450px;\"><div class=\"video-shortcode\"><div class=\"fluid-width-video-wrapper\" style=\"padding-top:56.25%;\"><iframe title=\"YouTube video player 1\" src=\"https:\/\/www.youtube.com\/embed\/J0ik-r9tkrk?wmode=transparent&amp;autoplay=0\" width=\"800\" height=\"450\" allowfullscreen allow=\"autoplay; fullscreen\"><\/iframe><\/div><\/div><\/div><\/div><style type=\"text\/css\">.fusion-body .fusion-builder-column-0{width:100% !important;margin-top : 0px;margin-bottom : 0px;}.fusion-builder-column-0 > .fusion-column-wrapper {padding-top : 0px !important;padding-right : 0px !important;margin-right : 1.92%;padding-bottom : 0px !important;padding-left : 0px !important;margin-left : 1.92%;}@media only screen and (max-width:1024px) {.fusion-body .fusion-builder-column-0{width:100% !important;}.fusion-builder-column-0 > .fusion-column-wrapper {margin-right : 1.92%;margin-left : 1.92%;}}@media only screen and (max-width:640px) {.fusion-body .fusion-builder-column-0{width:100% !important;}.fusion-builder-column-0 > .fusion-column-wrapper {margin-right : 1.92%;margin-left : 1.92%;}}<\/style><\/div><\/div><style type=\"text\/css\">.fusion-body .fusion-flex-container.fusion-builder-row-1{ padding-top : 0px;margin-top : 0px;padding-right : 0px;padding-bottom : 0px;margin-bottom : 0px;padding-left : 0px;}<\/style><\/div>\n","protected":false},"excerpt":{"rendered":"","protected":false},"author":2,"featured_media":14085,"comment_status":"open","ping_status":"open","sticky":false,"template":"","format":"standard","meta":{"footnotes":""},"categories":[15,35],"tags":[947,2780,85,33,2772,2773,978,164,946,2778,2779],"class_list":["post-14111","post","type-post","status-publish","format-standard","has-post-thumbnail","hentry","category-allgemein","category-kieler-foerde","tag-deutsche-marine","tag-eliteeinheit","tag-falckensteiner-strand","tag-kieler-foerde","tag-kommando-spezialkraefte-marine","tag-ksm","tag-leuchtturm-friedrichsort","tag-marine","tag-marineschiffe","tag-nato","tag-soldaten","gallery-content-unit"],"aioseo_notices":[],"_links":{"self":[{"href":"https:\/\/welovekiel.com\/de\/wp-json\/wp\/v2\/posts\/14111","targetHints":{"allow":["GET"]}}],"collection":[{"href":"https:\/\/welovekiel.com\/de\/wp-json\/wp\/v2\/posts"}],"about":[{"href":"https:\/\/welovekiel.com\/de\/wp-json\/wp\/v2\/types\/post"}],"author":[{"embeddable":true,"href":"https:\/\/welovekiel.com\/de\/wp-json\/wp\/v2\/users\/2"}],"replies":[{"embeddable":true,"href":"https:\/\/welovekiel.com\/de\/wp-json\/wp\/v2\/comments?post=14111"}],"version-history":[{"count":3,"href":"https:\/\/welovekiel.com\/de\/wp-json\/wp\/v2\/posts\/14111\/revisions"}],"predecessor-version":[{"id":14114,"href":"https:\/\/welovekiel.com\/de\/wp-json\/wp\/v2\/posts\/14111\/revisions\/14114"}],"wp:featuredmedia":[{"embeddable":true,"href":"https:\/\/welovekiel.com\/de\/wp-json\/wp\/v2\/media\/14085"}],"wp:attachment":[{"href":"https:\/\/welovekiel.com\/de\/wp-json\/wp\/v2\/media?parent=14111"}],"wp:term":[{"taxonomy":"category","embeddable":true,"href":"https:\/\/welovekiel.com\/de\/wp-json\/wp\/v2\/categories?post=14111"},{"taxonomy":"post_tag","embeddable":true,"href":"https:\/\/welovekiel.com\/de\/wp-json\/wp\/v2\/tags?post=14111"}],"curies":[{"name":"wp","href":"https:\/\/api.w.org\/{rel}","templated":true}]}}