{"id":13203,"date":"2023-02-26T12:05:05","date_gmt":"2023-02-26T11:05:05","guid":{"rendered":"https:\/\/welovekiel.com\/?p=13203"},"modified":"2023-02-27T14:21:35","modified_gmt":"2023-02-27T13:21:35","slug":"tourismus-in-kiel-gaesteankuenfte-und-uebernachtungen-in-2022-wieder-auf-niveau-von-2019","status":"publish","type":"post","link":"https:\/\/welovekiel.com\/de\/tourismus-in-kiel-gaesteankuenfte-und-uebernachtungen-in-2022-wieder-auf-niveau-von-2019-13203\/","title":{"rendered":"Tourismus in Kiel: G\u00e4steank\u00fcnfte und \u00dcbernachtungen in 2022 wieder auf Niveau von 2019"},"content":{"rendered":"<div class=\"fusion-fullwidth fullwidth-box fusion-builder-row-1 fusion-flex-container nonhundred-percent-fullwidth non-hundred-percent-height-scrolling\" style=\"background-color: rgba(255,255,255,0);background-position: center center;background-repeat: no-repeat;border-width: 0px 0px 0px 0px;border-color:#eae9e9;border-style:solid;\"><div class=\"fusion-builder-row fusion-row fusion-flex-align-items-flex-start\" style=\"max-width:1144px;margin-left: calc(-4% \/ 2 );margin-right: calc(-4% \/ 2 );\"><div class=\"fusion-layout-column fusion_builder_column fusion-builder-column-0 fusion_builder_column_1_1 1_1 fusion-flex-column\"><div class=\"fusion-column-wrapper fusion-flex-justify-content-flex-start fusion-content-layout-column\" style=\"background-position:left top;background-repeat:no-repeat;-webkit-background-size:cover;-moz-background-size:cover;-o-background-size:cover;background-size:cover;padding: 0px 0px 0px 0px;\"><div class=\"fusion-text fusion-text-1\"><p><strong>Der Tourismus in Kiel erholt sich nach der Corona-Pandemie: G&auml;steank&uuml;nfte und &Uuml;bernachtungen waren in 2022 wieder etwa auf Niveau von 2019.<\/strong><\/p>\n<p>Die Tourismusbilanz der Landeshauptstadt Kiel f&uuml;r das abgelaufene Jahr 2022 f&auml;llt durchaus positiv aus. Denn von Januar bis Dezember 2022 konnte Kiel bei der Zahl der G&auml;steank&uuml;nfte sowie den &Uuml;bernachtungen in Kiel wieder so viele Besucher verzeichnen wie im Jahr 2019, also dem Jahr vor der Pandemie. Vergleiche mit den beiden Corona-Jahren 2020 und 2021 machen relativ wenig Sinn, da w&auml;hrend dieser Zeit aufgrund diverser Einschr&auml;nkungen und geschlossenen Hotels Reisen nur bedingt beziehungsweise gar nicht m&ouml;glich gewesen sind. Umso interessanter ist also der Vergleich von 2022 mit dem Jahr 2019. Und hier zeigt sich, dass in 2022 lediglich etwa 4.000 weniger G&auml;ste nach Kiel kamen als in 2019. Insgesamt waren es rund 408.500 G&auml;steank&uuml;nfte im Jahr 2022. Beim Vergleich der &Uuml;bernachtungen zeigt sich, dass es in 2022 einen Zuwachs zu 2019 gegeben hat. Nach rund 866.000 &Uuml;bernachtungen in 2019 verzeichnete Kiel in 2022 knapp 910.000 &Uuml;bernachtungen. Somit sind zwar geringf&uuml;gig weniger G&auml;ste angekommen, jedoch blieben die G&auml;ste im Schnitt etwas l&auml;nger in Kiel als noch im Jahr 2019.<\/p>\n<p>Einer der Gr&uuml;nde, der f&uuml;r einen l&auml;ngeren Aufenthalt in Kiel mitverantwortlich ist, k&ouml;nnte der Reisegrund nach Kiel sein. Denn der Anteil an Tagungsg&auml;sten und Gesch&auml;ftsreisen hat im Vergleich zu 2019 abgenommen. Stattdessen hat der Anteil der &Uuml;bernachtungen im Bereich Urlaub und Freizeittourismus deutlich zugenommen. Dieser Trend hat auch Auswirkungen auf die Unterk&uuml;nfte, auf den vor allem Hotels in der Kieler Innenstadt reagieren sollten. Unterk&uuml;nfte f&uuml;r Alleinreisende, was bei Gesch&auml;ftsreisenden der Regelfall ist, wurden weniger nachgefragt. Gleichzeitig stieg die Nachfrage nach Mehrbettzimmern und familienfreundlichen Appartements.<\/p>\n<div id=\"attachment_8110\" style=\"width: 810px\" class=\"wp-caption alignnone\"><a href=\"https:\/\/welovekiel.com\/wp-content\/uploads\/kiellinie-kiel-promenade-spaziergang.jpg\"><img decoding=\"async\" aria-describedby=\"caption-attachment-8110\" class=\"lazyload size-fusion-800 wp-image-8110\" src=\"https:\/\/welovekiel.com\/wp-content\/uploads\/kiellinie-kiel-promenade-spaziergang-800x600.jpg\" data-orig-src=\"https:\/\/welovekiel.com\/wp-content\/uploads\/kiellinie-kiel-promenade-spaziergang-800x600.jpg\" alt=\"Spaziergang an der Kiellinie Kiel\" width=\"800\" height=\"600\" srcset=\"data:image\/svg+xml,%3Csvg%20xmlns%3D%27http%3A%2F%2Fwww.w3.org%2F2000%2Fsvg%27%20width%3D%27800%27%20height%3D%27600%27%20viewBox%3D%270%200%20800%20600%27%3E%3Crect%20width%3D%27800%27%20height%3D%27600%27%20fill-opacity%3D%220%22%2F%3E%3C%2Fsvg%3E\" data-srcset=\"https:\/\/welovekiel.com\/wp-content\/uploads\/kiellinie-kiel-promenade-spaziergang-200x150.jpg 200w, https:\/\/welovekiel.com\/wp-content\/uploads\/kiellinie-kiel-promenade-spaziergang-300x225.jpg 300w, https:\/\/welovekiel.com\/wp-content\/uploads\/kiellinie-kiel-promenade-spaziergang-400x300.jpg 400w, https:\/\/welovekiel.com\/wp-content\/uploads\/kiellinie-kiel-promenade-spaziergang-600x450.jpg 600w, https:\/\/welovekiel.com\/wp-content\/uploads\/kiellinie-kiel-promenade-spaziergang-768x576.jpg 768w, https:\/\/welovekiel.com\/wp-content\/uploads\/kiellinie-kiel-promenade-spaziergang-800x600.jpg 800w, https:\/\/welovekiel.com\/wp-content\/uploads\/kiellinie-kiel-promenade-spaziergang-1024x768.jpg 1024w, https:\/\/welovekiel.com\/wp-content\/uploads\/kiellinie-kiel-promenade-spaziergang.jpg 1200w\" data-sizes=\"auto\" data-orig-sizes=\"(max-width: 800px) 100vw, 800px\"><\/a><p id=\"caption-attachment-8110\" class=\"wp-caption-text\">Spaziergang an der <a href=\"https:\/\/welovekiel.com\/de\/lexikon\/kiellinie-kiel\/\" target=\"_self\" title=\"\" class=\"encyclopedia\">Kiellinie<\/a> Kiel<\/p><\/div>\n<\/div><\/div><style type=\"text\/css\">.fusion-body .fusion-builder-column-0{width:100% !important;margin-top : 0px;margin-bottom : 0px;}.fusion-builder-column-0 > .fusion-column-wrapper {padding-top : 0px !important;padding-right : 0px !important;margin-right : 1.92%;padding-bottom : 0px !important;padding-left : 0px !important;margin-left : 1.92%;}@media only screen and (max-width:1024px) {.fusion-body .fusion-builder-column-0{width:100% !important;}.fusion-builder-column-0 > .fusion-column-wrapper {margin-right : 1.92%;margin-left : 1.92%;}}@media only screen and (max-width:640px) {.fusion-body .fusion-builder-column-0{width:100% !important;}.fusion-builder-column-0 > .fusion-column-wrapper {margin-right : 1.92%;margin-left : 1.92%;}}<\/style><\/div><\/div><style type=\"text\/css\">.fusion-body .fusion-flex-container.fusion-builder-row-1{ padding-top : 0px;margin-top : 0px;padding-right : 0px;padding-bottom : 0px;margin-bottom : 0px;padding-left : 0px;}<\/style><\/div>\n","protected":false},"excerpt":{"rendered":"","protected":false},"author":2,"featured_media":11058,"comment_status":"open","ping_status":"open","sticky":false,"template":"","format":"standard","meta":{"footnotes":""},"categories":[15,317],"tags":[2540,546,456,588,521,2541],"class_list":["post-13203","post","type-post","status-publish","format-standard","has-post-thumbnail","hentry","category-allgemein","category-unternehmen","tag-appartements","tag-hotels","tag-kiel","tag-sommerurlaub","tag-tourismus","tag-urlaub-in-kiel","gallery-content-unit"],"aioseo_notices":[],"aioseo_head":"\n\t\t<!-- All in One SEO 4.9.10 - aioseo.com -->\n\t<meta name=\"description\" content=\"Der Tourismus in Kiel erholt sich nach der Corona-Pandemie: G\u00e4steank\u00fcnfte und \u00dcbernachtungen waren in 2022 wieder etwa auf Niveau von 2019.\" \/>\n\t<meta name=\"robots\" content=\"max-image-preview:large\" \/>\n\t<meta name=\"author\" content=\"Christian Gewiese\"\/>\n\t<meta name=\"keywords\" content=\"appartements,hotels,kiel,sommerurlaub,tourismus,urlaub in kiel,allgemein,unternehmen\" \/>\n\t<link rel=\"canonical\" href=\"https:\/\/welovekiel.com\/de\/tourismus-in-kiel-gaesteankuenfte-und-uebernachtungen-in-2022-wieder-auf-niveau-von-2019-13203\/\" \/>\n\t<meta name=\"generator\" content=\"All in One SEO (AIOSEO) 4.9.10\" \/>\n\t\t<meta property=\"og:locale\" content=\"de_DE\" \/>\n\t\t<meta property=\"og:site_name\" content=\"We love Kiel |\" \/>\n\t\t<meta property=\"og:type\" content=\"article\" \/>\n\t\t<meta property=\"og:title\" content=\"Tourismus in Kiel: G\u00e4steank\u00fcnfte und \u00dcbernachtungen in 2022 wieder auf Niveau von 2019 | We love Kiel\" \/>\n\t\t<meta property=\"og:description\" content=\"Der Tourismus in Kiel erholt sich nach der Corona-Pandemie: G\u00e4steank\u00fcnfte und \u00dcbernachtungen waren in 2022 wieder etwa auf Niveau von 2019.\" \/>\n\t\t<meta property=\"og:url\" content=\"https:\/\/welovekiel.com\/de\/tourismus-in-kiel-gaesteankuenfte-und-uebernachtungen-in-2022-wieder-auf-niveau-von-2019-13203\/\" \/>\n\t\t<meta property=\"article:published_time\" content=\"2023-02-26T11:05:05+00:00\" \/>\n\t\t<meta property=\"article:modified_time\" content=\"2023-02-27T13:21:35+00:00\" \/>\n\t\t<meta property=\"article:publisher\" content=\"https:\/\/www.facebook.com\/WeLoveKielCity\/\" \/>\n\t\t<meta name=\"twitter:card\" content=\"summary\" \/>\n\t\t<meta name=\"twitter:title\" content=\"Tourismus in Kiel: G\u00e4steank\u00fcnfte und \u00dcbernachtungen in 2022 wieder auf Niveau von 2019 | We love Kiel\" \/>\n\t\t<meta name=\"twitter:description\" content=\"Der Tourismus in Kiel erholt sich nach der Corona-Pandemie: G\u00e4steank\u00fcnfte und \u00dcbernachtungen waren in 2022 wieder etwa auf Niveau von 2019.\" \/>\n\t\t<script type=\"application\/ld+json\" class=\"aioseo-schema\">\n\t\t\t{\"@context\":\"https:\\\/\\\/schema.org\",\"@graph\":[{\"@type\":\"Article\",\"@id\":\"https:\\\/\\\/welovekiel.com\\\/de\\\/tourismus-in-kiel-gaesteankuenfte-und-uebernachtungen-in-2022-wieder-auf-niveau-von-2019-13203\\\/#article\",\"name\":\"Tourismus in Kiel: G\\u00e4steank\\u00fcnfte und \\u00dcbernachtungen in 2022 wieder auf Niveau von 2019 | We love Kiel\",\"headline\":\"Tourismus in Kiel: G\\u00e4steank\\u00fcnfte und \\u00dcbernachtungen in 2022 wieder auf Niveau von 2019\",\"author\":{\"@id\":\"https:\\\/\\\/welovekiel.com\\\/de\\\/author\\\/christian\\\/#author\"},\"publisher\":{\"@id\":\"https:\\\/\\\/welovekiel.com\\\/de\\\/#organization\"},\"image\":{\"@type\":\"ImageObject\",\"url\":\"https:\\\/\\\/welovekiel.com\\\/wp-content\\\/uploads\\\/schilksee-badestrand-sommer-13-8-2022.jpg\",\"width\":1200,\"height\":900,\"caption\":\"Schilksee Badestrand Sommer 13.8.2022\"},\"datePublished\":\"2023-02-26T12:05:05+01:00\",\"dateModified\":\"2023-02-27T14:21:35+01:00\",\"inLanguage\":\"de-DE\",\"mainEntityOfPage\":{\"@id\":\"https:\\\/\\\/welovekiel.com\\\/de\\\/tourismus-in-kiel-gaesteankuenfte-und-uebernachtungen-in-2022-wieder-auf-niveau-von-2019-13203\\\/#webpage\"},\"isPartOf\":{\"@id\":\"https:\\\/\\\/welovekiel.com\\\/de\\\/tourismus-in-kiel-gaesteankuenfte-und-uebernachtungen-in-2022-wieder-auf-niveau-von-2019-13203\\\/#webpage\"},\"articleSection\":\"Allgemein, Unternehmen, Appartements, Hotels, Kiel, Sommerurlaub, Tourismus, Urlaub in Kiel, Optional\"},{\"@type\":\"BreadcrumbList\",\"@id\":\"https:\\\/\\\/welovekiel.com\\\/de\\\/tourismus-in-kiel-gaesteankuenfte-und-uebernachtungen-in-2022-wieder-auf-niveau-von-2019-13203\\\/#breadcrumblist\",\"itemListElement\":[{\"@type\":\"ListItem\",\"@id\":\"https:\\\/\\\/welovekiel.com\\\/de\\\/#listItem\",\"position\":1,\"name\":\"Home\",\"item\":\"https:\\\/\\\/welovekiel.com\\\/de\\\/\",\"nextItem\":{\"@type\":\"ListItem\",\"@id\":\"https:\\\/\\\/welovekiel.com\\\/de\\\/category\\\/allgemein\\\/#listItem\",\"name\":\"Allgemein\"}},{\"@type\":\"ListItem\",\"@id\":\"https:\\\/\\\/welovekiel.com\\\/de\\\/category\\\/allgemein\\\/#listItem\",\"position\":2,\"name\":\"Allgemein\",\"item\":\"https:\\\/\\\/welovekiel.com\\\/de\\\/category\\\/allgemein\\\/\",\"nextItem\":{\"@type\":\"ListItem\",\"@id\":\"https:\\\/\\\/welovekiel.com\\\/de\\\/tourismus-in-kiel-gaesteankuenfte-und-uebernachtungen-in-2022-wieder-auf-niveau-von-2019-13203\\\/#listItem\",\"name\":\"Tourismus in Kiel: G\\u00e4steank\\u00fcnfte und \\u00dcbernachtungen in 2022 wieder auf Niveau von 2019\"},\"previousItem\":{\"@type\":\"ListItem\",\"@id\":\"https:\\\/\\\/welovekiel.com\\\/de\\\/#listItem\",\"name\":\"Home\"}},{\"@type\":\"ListItem\",\"@id\":\"https:\\\/\\\/welovekiel.com\\\/de\\\/tourismus-in-kiel-gaesteankuenfte-und-uebernachtungen-in-2022-wieder-auf-niveau-von-2019-13203\\\/#listItem\",\"position\":3,\"name\":\"Tourismus in Kiel: G\\u00e4steank\\u00fcnfte und \\u00dcbernachtungen in 2022 wieder auf Niveau von 2019\",\"previousItem\":{\"@type\":\"ListItem\",\"@id\":\"https:\\\/\\\/welovekiel.com\\\/de\\\/category\\\/allgemein\\\/#listItem\",\"name\":\"Allgemein\"}}]},{\"@type\":\"Organization\",\"@id\":\"https:\\\/\\\/welovekiel.com\\\/de\\\/#organization\",\"name\":\"We love Kiel\",\"url\":\"https:\\\/\\\/welovekiel.com\\\/de\\\/\",\"sameAs\":[\"https:\\\/\\\/www.facebook.com\\\/WeLoveKielCity\\\/\",\"https:\\\/\\\/www.instagram.com\\\/welovekiel\\\/\"]},{\"@type\":\"Person\",\"@id\":\"https:\\\/\\\/welovekiel.com\\\/de\\\/author\\\/christian\\\/#author\",\"url\":\"https:\\\/\\\/welovekiel.com\\\/de\\\/author\\\/christian\\\/\",\"name\":\"Christian Gewiese\",\"image\":{\"@type\":\"ImageObject\",\"@id\":\"https:\\\/\\\/welovekiel.com\\\/de\\\/tourismus-in-kiel-gaesteankuenfte-und-uebernachtungen-in-2022-wieder-auf-niveau-von-2019-13203\\\/#authorImage\",\"url\":\"https:\\\/\\\/secure.gravatar.com\\\/avatar\\\/97707923f9bed63dfb3bbdf8065fadb426aa1508b119d1c175a90c8939cbdb88?s=96&d=mm&r=g\",\"width\":96,\"height\":96,\"caption\":\"Christian Gewiese\"}},{\"@type\":\"WebPage\",\"@id\":\"https:\\\/\\\/welovekiel.com\\\/de\\\/tourismus-in-kiel-gaesteankuenfte-und-uebernachtungen-in-2022-wieder-auf-niveau-von-2019-13203\\\/#webpage\",\"url\":\"https:\\\/\\\/welovekiel.com\\\/de\\\/tourismus-in-kiel-gaesteankuenfte-und-uebernachtungen-in-2022-wieder-auf-niveau-von-2019-13203\\\/\",\"name\":\"Tourismus in Kiel: G\\u00e4steank\\u00fcnfte und \\u00dcbernachtungen in 2022 wieder auf Niveau von 2019 | We love Kiel\",\"description\":\"Der Tourismus in Kiel erholt sich nach der Corona-Pandemie: G\\u00e4steank\\u00fcnfte und \\u00dcbernachtungen waren in 2022 wieder etwa auf Niveau von 2019.\",\"inLanguage\":\"de-DE\",\"isPartOf\":{\"@id\":\"https:\\\/\\\/welovekiel.com\\\/de\\\/#website\"},\"breadcrumb\":{\"@id\":\"https:\\\/\\\/welovekiel.com\\\/de\\\/tourismus-in-kiel-gaesteankuenfte-und-uebernachtungen-in-2022-wieder-auf-niveau-von-2019-13203\\\/#breadcrumblist\"},\"author\":{\"@id\":\"https:\\\/\\\/welovekiel.com\\\/de\\\/author\\\/christian\\\/#author\"},\"creator\":{\"@id\":\"https:\\\/\\\/welovekiel.com\\\/de\\\/author\\\/christian\\\/#author\"},\"image\":{\"@type\":\"ImageObject\",\"url\":\"https:\\\/\\\/welovekiel.com\\\/wp-content\\\/uploads\\\/schilksee-badestrand-sommer-13-8-2022.jpg\",\"@id\":\"https:\\\/\\\/welovekiel.com\\\/de\\\/tourismus-in-kiel-gaesteankuenfte-und-uebernachtungen-in-2022-wieder-auf-niveau-von-2019-13203\\\/#mainImage\",\"width\":1200,\"height\":900,\"caption\":\"Schilksee Badestrand Sommer 13.8.2022\"},\"primaryImageOfPage\":{\"@id\":\"https:\\\/\\\/welovekiel.com\\\/de\\\/tourismus-in-kiel-gaesteankuenfte-und-uebernachtungen-in-2022-wieder-auf-niveau-von-2019-13203\\\/#mainImage\"},\"datePublished\":\"2023-02-26T12:05:05+01:00\",\"dateModified\":\"2023-02-27T14:21:35+01:00\"},{\"@type\":\"WebSite\",\"@id\":\"https:\\\/\\\/welovekiel.com\\\/de\\\/#website\",\"url\":\"https:\\\/\\\/welovekiel.com\\\/de\\\/\",\"name\":\"We love Kiel\",\"inLanguage\":\"de-DE\",\"publisher\":{\"@id\":\"https:\\\/\\\/welovekiel.com\\\/de\\\/#organization\"}}]}\n\t\t<\/script>\n\t\t<!-- All in One SEO -->\n\n","aioseo_head_json":{"title":"Tourismus in Kiel: G\u00e4steank\u00fcnfte und \u00dcbernachtungen in 2022 wieder auf Niveau von 2019 | We love Kiel","description":"Der Tourismus in Kiel erholt sich nach der Corona-Pandemie: G\u00e4steank\u00fcnfte und \u00dcbernachtungen waren in 2022 wieder etwa auf Niveau von 2019.","canonical_url":"https:\/\/welovekiel.com\/de\/tourismus-in-kiel-gaesteankuenfte-und-uebernachtungen-in-2022-wieder-auf-niveau-von-2019-13203\/","robots":"max-image-preview:large","keywords":"appartements,hotels,kiel,sommerurlaub,tourismus,urlaub in kiel,allgemein,unternehmen","webmasterTools":{"miscellaneous":""},"schema":{"@context":"https:\/\/schema.org","@graph":[{"@type":"Article","@id":"https:\/\/welovekiel.com\/de\/tourismus-in-kiel-gaesteankuenfte-und-uebernachtungen-in-2022-wieder-auf-niveau-von-2019-13203\/#article","name":"Tourismus in Kiel: G\u00e4steank\u00fcnfte und \u00dcbernachtungen in 2022 wieder auf Niveau von 2019 | We love Kiel","headline":"Tourismus in Kiel: G\u00e4steank\u00fcnfte und \u00dcbernachtungen in 2022 wieder auf Niveau von 2019","author":{"@id":"https:\/\/welovekiel.com\/de\/author\/christian\/#author"},"publisher":{"@id":"https:\/\/welovekiel.com\/de\/#organization"},"image":{"@type":"ImageObject","url":"https:\/\/welovekiel.com\/wp-content\/uploads\/schilksee-badestrand-sommer-13-8-2022.jpg","width":1200,"height":900,"caption":"Schilksee Badestrand Sommer 13.8.2022"},"datePublished":"2023-02-26T12:05:05+01:00","dateModified":"2023-02-27T14:21:35+01:00","inLanguage":"de-DE","mainEntityOfPage":{"@id":"https:\/\/welovekiel.com\/de\/tourismus-in-kiel-gaesteankuenfte-und-uebernachtungen-in-2022-wieder-auf-niveau-von-2019-13203\/#webpage"},"isPartOf":{"@id":"https:\/\/welovekiel.com\/de\/tourismus-in-kiel-gaesteankuenfte-und-uebernachtungen-in-2022-wieder-auf-niveau-von-2019-13203\/#webpage"},"articleSection":"Allgemein, Unternehmen, Appartements, Hotels, Kiel, Sommerurlaub, Tourismus, Urlaub in Kiel, Optional"},{"@type":"BreadcrumbList","@id":"https:\/\/welovekiel.com\/de\/tourismus-in-kiel-gaesteankuenfte-und-uebernachtungen-in-2022-wieder-auf-niveau-von-2019-13203\/#breadcrumblist","itemListElement":[{"@type":"ListItem","@id":"https:\/\/welovekiel.com\/de\/#listItem","position":1,"name":"Home","item":"https:\/\/welovekiel.com\/de\/","nextItem":{"@type":"ListItem","@id":"https:\/\/welovekiel.com\/de\/category\/allgemein\/#listItem","name":"Allgemein"}},{"@type":"ListItem","@id":"https:\/\/welovekiel.com\/de\/category\/allgemein\/#listItem","position":2,"name":"Allgemein","item":"https:\/\/welovekiel.com\/de\/category\/allgemein\/","nextItem":{"@type":"ListItem","@id":"https:\/\/welovekiel.com\/de\/tourismus-in-kiel-gaesteankuenfte-und-uebernachtungen-in-2022-wieder-auf-niveau-von-2019-13203\/#listItem","name":"Tourismus in Kiel: G\u00e4steank\u00fcnfte und \u00dcbernachtungen in 2022 wieder auf Niveau von 2019"},"previousItem":{"@type":"ListItem","@id":"https:\/\/welovekiel.com\/de\/#listItem","name":"Home"}},{"@type":"ListItem","@id":"https:\/\/welovekiel.com\/de\/tourismus-in-kiel-gaesteankuenfte-und-uebernachtungen-in-2022-wieder-auf-niveau-von-2019-13203\/#listItem","position":3,"name":"Tourismus in Kiel: G\u00e4steank\u00fcnfte und \u00dcbernachtungen in 2022 wieder auf Niveau von 2019","previousItem":{"@type":"ListItem","@id":"https:\/\/welovekiel.com\/de\/category\/allgemein\/#listItem","name":"Allgemein"}}]},{"@type":"Organization","@id":"https:\/\/welovekiel.com\/de\/#organization","name":"We love Kiel","url":"https:\/\/welovekiel.com\/de\/","sameAs":["https:\/\/www.facebook.com\/WeLoveKielCity\/","https:\/\/www.instagram.com\/welovekiel\/"]},{"@type":"Person","@id":"https:\/\/welovekiel.com\/de\/author\/christian\/#author","url":"https:\/\/welovekiel.com\/de\/author\/christian\/","name":"Christian Gewiese","image":{"@type":"ImageObject","@id":"https:\/\/welovekiel.com\/de\/tourismus-in-kiel-gaesteankuenfte-und-uebernachtungen-in-2022-wieder-auf-niveau-von-2019-13203\/#authorImage","url":"https:\/\/secure.gravatar.com\/avatar\/97707923f9bed63dfb3bbdf8065fadb426aa1508b119d1c175a90c8939cbdb88?s=96&d=mm&r=g","width":96,"height":96,"caption":"Christian Gewiese"}},{"@type":"WebPage","@id":"https:\/\/welovekiel.com\/de\/tourismus-in-kiel-gaesteankuenfte-und-uebernachtungen-in-2022-wieder-auf-niveau-von-2019-13203\/#webpage","url":"https:\/\/welovekiel.com\/de\/tourismus-in-kiel-gaesteankuenfte-und-uebernachtungen-in-2022-wieder-auf-niveau-von-2019-13203\/","name":"Tourismus in Kiel: G\u00e4steank\u00fcnfte und \u00dcbernachtungen in 2022 wieder auf Niveau von 2019 | We love Kiel","description":"Der Tourismus in Kiel erholt sich nach der Corona-Pandemie: G\u00e4steank\u00fcnfte und \u00dcbernachtungen waren in 2022 wieder etwa auf Niveau von 2019.","inLanguage":"de-DE","isPartOf":{"@id":"https:\/\/welovekiel.com\/de\/#website"},"breadcrumb":{"@id":"https:\/\/welovekiel.com\/de\/tourismus-in-kiel-gaesteankuenfte-und-uebernachtungen-in-2022-wieder-auf-niveau-von-2019-13203\/#breadcrumblist"},"author":{"@id":"https:\/\/welovekiel.com\/de\/author\/christian\/#author"},"creator":{"@id":"https:\/\/welovekiel.com\/de\/author\/christian\/#author"},"image":{"@type":"ImageObject","url":"https:\/\/welovekiel.com\/wp-content\/uploads\/schilksee-badestrand-sommer-13-8-2022.jpg","@id":"https:\/\/welovekiel.com\/de\/tourismus-in-kiel-gaesteankuenfte-und-uebernachtungen-in-2022-wieder-auf-niveau-von-2019-13203\/#mainImage","width":1200,"height":900,"caption":"Schilksee Badestrand Sommer 13.8.2022"},"primaryImageOfPage":{"@id":"https:\/\/welovekiel.com\/de\/tourismus-in-kiel-gaesteankuenfte-und-uebernachtungen-in-2022-wieder-auf-niveau-von-2019-13203\/#mainImage"},"datePublished":"2023-02-26T12:05:05+01:00","dateModified":"2023-02-27T14:21:35+01:00"},{"@type":"WebSite","@id":"https:\/\/welovekiel.com\/de\/#website","url":"https:\/\/welovekiel.com\/de\/","name":"We love Kiel","inLanguage":"de-DE","publisher":{"@id":"https:\/\/welovekiel.com\/de\/#organization"}}]},"og:locale":"de_DE","og:site_name":"We love Kiel |","og:type":"article","og:title":"Tourismus in Kiel: G\u00e4steank\u00fcnfte und \u00dcbernachtungen in 2022 wieder auf Niveau von 2019 | We love Kiel","og:description":"Der Tourismus in Kiel erholt sich nach der Corona-Pandemie: G\u00e4steank\u00fcnfte und \u00dcbernachtungen waren in 2022 wieder etwa auf Niveau von 2019.","og:url":"https:\/\/welovekiel.com\/de\/tourismus-in-kiel-gaesteankuenfte-und-uebernachtungen-in-2022-wieder-auf-niveau-von-2019-13203\/","article:published_time":"2023-02-26T11:05:05+00:00","article:modified_time":"2023-02-27T13:21:35+00:00","article:publisher":"https:\/\/www.facebook.com\/WeLoveKielCity\/","twitter:card":"summary","twitter:title":"Tourismus in Kiel: G\u00e4steank\u00fcnfte und \u00dcbernachtungen in 2022 wieder auf Niveau von 2019 | We love Kiel","twitter:description":"Der Tourismus in Kiel erholt sich nach der Corona-Pandemie: G\u00e4steank\u00fcnfte und \u00dcbernachtungen waren in 2022 wieder etwa auf Niveau von 2019."},"aioseo_meta_data":{"post_id":"13203","title":null,"description":"Der Tourismus in Kiel erholt sich nach der Corona-Pandemie: G\u00e4steank\u00fcnfte und \u00dcbernachtungen waren in 2022 wieder etwa auf Niveau von 2019.","keywords":[],"keyphrases":{"focus":{"keyphrase":"","score":0,"analysis":{"keyphraseInTitle":{"score":0,"maxScore":9,"error":1}}},"additional":[]},"primary_term":null,"canonical_url":null,"og_title":null,"og_description":null,"og_object_type":"default","og_image_type":"default","og_image_url":null,"og_image_width":null,"og_image_height":null,"og_image_custom_url":null,"og_image_custom_fields":null,"og_video":"","og_custom_url":null,"og_article_section":null,"og_article_tags":[],"twitter_use_og":false,"twitter_card":"default","twitter_image_type":"default","twitter_image_url":null,"twitter_image_custom_url":null,"twitter_image_custom_fields":null,"twitter_title":null,"twitter_description":null,"schema":{"blockGraphs":[],"customGraphs":[],"default":{"data":{"Article":[],"Course":[],"Dataset":[],"FAQPage":[],"Movie":[],"Person":[],"Product":[],"ProductReview":[],"Car":[],"Recipe":[],"Service":[],"SoftwareApplication":[],"WebPage":[]},"graphName":"Article","isEnabled":true},"graphs":[]},"schema_type":"default","schema_type_options":null,"pillar_content":false,"robots_default":true,"robots_noindex":false,"robots_noarchive":false,"robots_nosnippet":false,"robots_nofollow":false,"robots_noimageindex":false,"robots_noodp":false,"robots_notranslate":false,"robots_max_snippet":"-1","robots_max_videopreview":"-1","robots_max_imagepreview":"large","priority":null,"frequency":"default","local_seo":null,"breadcrumb_settings":null,"limit_modified_date":false,"ai":null,"created":"2023-02-27 11:05:06","updated":"2023-02-27 13:21:35","seo_analyzer_scan_date":null},"aioseo_breadcrumb":"<div class=\"aioseo-breadcrumbs\"><span class=\"aioseo-breadcrumb\">\n\t\t\t<a href=\"https:\/\/welovekiel.com\/de\/\" title=\"Home\">Home<\/a>\n\t\t<\/span><span class=\"aioseo-breadcrumb-separator\">&raquo;<\/span><span class=\"aioseo-breadcrumb\">\n\t\t\t<a href=\"https:\/\/welovekiel.com\/de\/category\/allgemein\/\" title=\"Allgemein\">Allgemein<\/a>\n\t\t<\/span><span class=\"aioseo-breadcrumb-separator\">&raquo;<\/span><span class=\"aioseo-breadcrumb\">\n\t\t\tTourismus in Kiel: G\u00e4steank\u00fcnfte und \u00dcbernachtungen in 2022 wieder auf Niveau von 2019\n\t\t<\/span><\/div>","aioseo_breadcrumb_json":[{"label":"Home","link":"https:\/\/welovekiel.com\/de\/"},{"label":"Allgemein","link":"https:\/\/welovekiel.com\/de\/category\/allgemein\/"},{"label":"Tourismus in Kiel: G\u00e4steank\u00fcnfte und \u00dcbernachtungen in 2022 wieder auf Niveau von 2019","link":"https:\/\/welovekiel.com\/de\/tourismus-in-kiel-gaesteankuenfte-und-uebernachtungen-in-2022-wieder-auf-niveau-von-2019-13203\/"}],"_links":{"self":[{"href":"https:\/\/welovekiel.com\/de\/wp-json\/wp\/v2\/posts\/13203","targetHints":{"allow":["GET"]}}],"collection":[{"href":"https:\/\/welovekiel.com\/de\/wp-json\/wp\/v2\/posts"}],"about":[{"href":"https:\/\/welovekiel.com\/de\/wp-json\/wp\/v2\/types\/post"}],"author":[{"embeddable":true,"href":"https:\/\/welovekiel.com\/de\/wp-json\/wp\/v2\/users\/2"}],"replies":[{"embeddable":true,"href":"https:\/\/welovekiel.com\/de\/wp-json\/wp\/v2\/comments?post=13203"}],"version-history":[{"count":0,"href":"https:\/\/welovekiel.com\/de\/wp-json\/wp\/v2\/posts\/13203\/revisions"}],"wp:featuredmedia":[{"embeddable":true,"href":"https:\/\/welovekiel.com\/de\/wp-json\/wp\/v2\/media\/11058"}],"wp:attachment":[{"href":"https:\/\/welovekiel.com\/de\/wp-json\/wp\/v2\/media?parent=13203"}],"wp:term":[{"taxonomy":"category","embeddable":true,"href":"https:\/\/welovekiel.com\/de\/wp-json\/wp\/v2\/categories?post=13203"},{"taxonomy":"post_tag","embeddable":true,"href":"https:\/\/welovekiel.com\/de\/wp-json\/wp\/v2\/tags?post=13203"}],"curies":[{"name":"wp","href":"https:\/\/api.w.org\/{rel}","templated":true}]}}