{"id":7178,"global_id":"welovekiel.com\/de\/?id=7178","global_id_lineage":["welovekiel.com\/de\/?id=7178"],"author":"2","status":"publish","date":"2022-01-20 17:11:30","date_utc":"2022-01-20 16:11:30","modified":"2022-01-20 17:11:30","modified_utc":"2022-01-20 16:11:30","url":"https:\/\/welovekiel.com\/de\/event\/kieler-woche-windjammerparade-2022\/","rest_url":"https:\/\/welovekiel.com\/de\/wp-json\/tribe\/events\/v1\/events\/7178","title":"Kieler Woche Windjammerparade 2022","description":"<div class=\"fusion-fullwidth fullwidth-box fusion-builder-row-1 fusion-flex-container nonhundred-percent-fullwidth non-hundred-percent-height-scrolling\" style=\"background-color: rgba(255,255,255,0);background-position: center center;background-repeat: no-repeat;border-width: 0px 0px 0px 0px;border-color:#eae9e9;border-style:solid;\"><div class=\"fusion-builder-row fusion-row fusion-flex-align-items-flex-start\" style=\"max-width:1144px;margin-left: calc(-4% \/ 2 );margin-right: calc(-4% \/ 2 );\"><div class=\"fusion-layout-column fusion_builder_column fusion-builder-column-0 fusion_builder_column_3_4 3_4 fusion-flex-column\"><div class=\"fusion-column-wrapper fusion-flex-justify-content-flex-start fusion-content-layout-column\" style=\"background-position:left top;background-repeat:no-repeat;-webkit-background-size:cover;-moz-background-size:cover;-o-background-size:cover;background-size:cover;padding: 0px 0px 0px 0px;\"><div class=\"fusion-text fusion-text-1\"><p><strong>Kieler Woche Windjammerparade 2022 in der <a href=\"https:\/\/welovekiel.com\/de\/lexikon\/kieler-foerde\/\" target=\"_self\" title=\"\" class=\"encyclopedia\">Kieler F&ouml;rde<\/a> am 25.06.2022 &ndash; Maritimes Highlight der Kieler Woche mit &uuml;ber 100 teilnehmenden Segelschiffen.<\/strong><\/p>\n<p>Die Windjammerparade in Kiel w&auml;hrend der Kieler Woche z&auml;hlt zu einem der Highlights der j&auml;hrlich stattfindenden Kieler Woche. Wenn die Windjammerparade stattfindet, jeweils immer am letzten Samstag der Kieler Woche, zieht es immer zehntausende Zuschauer ans West- und Ostufer der Kieler F&ouml;rde.<\/p>\n<h2>Ablauf Windjammerparade 2022<\/h2>\n<p>Die Segelparade startete am Samstag, den 25. Juni 2021 wie immer um 11 Uhr in der Kieler Innenf&ouml;rde und nimmt Kurs Richtung <a href=\"https:\/\/welovekiel.com\/de\/lexikon\/leuchtturm-friedrichsort\/\" target=\"_self\" title=\"\" class=\"encyclopedia\">Leuchtturm Friedrichsort<\/a> und Au&szlig;enf&ouml;rde. Auch besteht nat&uuml;rlich wieder die M&ouml;glichkeit sich die Windjammerparade von Land aus, beispielsweise vom <a href=\"https:\/\/welovekiel.com\/de\/lexikon\/falckensteiner-strand\/\" target=\"_self\" title=\"\" class=\"encyclopedia\">Falckensteiner Strand<\/a>, vom Holtenauer Leuchtturm an er F&ouml;rde oder auch vom Kieler Ostufer, beispielsweise H&ouml;he U-Boot-Ehrenmal M&ouml;ltenort, anzuschauen. Auch das Mitsegeln auf einem der zahlreichen teilnehmenden Schiffe wird in diesem Jahr nat&uuml;rlich m&ouml;glich sein.<\/p>\n<p>Aufgrund der Corona-Pandemie wurde die Kieler Woche in den beiden Vorjahren 2020 und 2021 von Juni auf September verschoben. Zum aktuellen Stand planen die Veranstalter und die Landeshauptstadt Kiel, dass die Kieler Woche 2022 und somit auch die Windjammerparade wie gewohnt Ende Juni stattfinden wird.<\/p>\n<\/div><style type=\"text\/css\">@media only screen and (max-width:1024px) {.fusion-title.fusion-title-1{margin-top:0px!important; margin-right:0px!important;margin-bottom:31px!important;margin-left:0px!important;}}@media only screen and (max-width:640px) {.fusion-title.fusion-title-1{margin-top:0px!important; margin-right:0px!important;margin-bottom:20px!important; margin-left:0px!important;}}<\/style><div class=\"fusion-title title fusion-title-1 fusion-title-text fusion-title-size-two\" style=\"margin-top:0px;margin-right:0px;margin-bottom:31px;margin-left:0px;\"><div class=\"title-sep-container title-sep-container-left fusion-no-large-visibility fusion-no-medium-visibility fusion-no-small-visibility\"><div class=\"title-sep sep-double sep-solid\" style=\"border-color:#e0dede;\"><\/div><\/div><span class=\"awb-title-spacer fusion-no-large-visibility fusion-no-medium-visibility fusion-no-small-visibility\"><\/span><h2 class=\"title-heading-left\" style=\"margin:0;\">Bilder Windjammerparade<\/h2><span class=\"awb-title-spacer\"><\/span><div class=\"title-sep-container title-sep-container-right\"><div class=\"title-sep sep-double sep-solid\" style=\"border-color:#e0dede;\"><\/div><\/div><\/div><style type=\"text\/css\">.fusion-gallery-1 .fusion-gallery-image {border:0px solid #f6f6f6;}<\/style><div class=\"awb-gallery-wrapper awb-gallery-wrapper-1 button-span-no\"><div class=\"fusion-gallery fusion-gallery-container fusion-grid-2 fusion-columns-total-6 fusion-gallery-layout-grid fusion-gallery-1\" style=\"margin:-5px;\"><div style=\"padding:5px;\" class=\"fusion-grid-column fusion-gallery-column fusion-gallery-column-2 hover-type-none\"><div class=\"fusion-gallery-image\"><a href=\"https:\/\/welovekiel.com\/wp-content\/uploads\/windjammerparade-2019.jpg\" data-title=\"Windjammerparade 2019\" title=\"Windjammerparade 2019\" rel=\"noreferrer\" data-rel=\"iLightbox[gallery_image_1]\" class=\"fusion-lightbox\" target=\"_self\"><img decoding=\"async\" src=\"https:\/\/welovekiel.com\/wp-content\/uploads\/windjammerparade-2019.jpg\" data-orig-src=\"https:\/\/welovekiel.com\/wp-content\/uploads\/windjammerparade-2019.jpg\" width=\"1200\" height=\"800\" alt=\"Windjammerparade 2019\" title=\"Windjammerparade 2019\" aria-label=\"Windjammerparade 2019\" class=\"lazyload img-responsive wp-image-256\" srcset=\"data:image\/svg+xml,%3Csvg%20xmlns%3D%27http%3A%2F%2Fwww.w3.org%2F2000%2Fsvg%27%20width%3D%271200%27%20height%3D%27800%27%20viewBox%3D%270%200%201200%20800%27%3E%3Crect%20width%3D%271200%27%20height%3D%27800%27%20fill-opacity%3D%220%22%2F%3E%3C%2Fsvg%3E\" data-srcset=\"https:\/\/welovekiel.com\/wp-content\/uploads\/windjammerparade-2019-200x133.jpg 200w, https:\/\/welovekiel.com\/wp-content\/uploads\/windjammerparade-2019-400x267.jpg 400w, https:\/\/welovekiel.com\/wp-content\/uploads\/windjammerparade-2019-600x400.jpg 600w, https:\/\/welovekiel.com\/wp-content\/uploads\/windjammerparade-2019-800x533.jpg 800w, https:\/\/welovekiel.com\/wp-content\/uploads\/windjammerparade-2019.jpg 1200w\" data-sizes=\"auto\" data-orig-sizes=\"(min-width: 2200px) 100vw, (min-width: 712px) 548px, (min-width: 640px) 712px, \"><\/a><\/div><\/div><div style=\"padding:5px;\" class=\"fusion-grid-column fusion-gallery-column fusion-gallery-column-2 hover-type-none\"><div class=\"fusion-gallery-image\"><a href=\"https:\/\/welovekiel.com\/wp-content\/uploads\/windjammerparade-kieler-woche-2014-seacloud-segelschiff.jpg\" data-title=\"Sea Cloud II Segelschiff Windjammerparade Kiel 2014\" title=\"Sea Cloud II Segelschiff Windjammerparade Kiel 2014\" rel=\"noreferrer\" data-rel=\"iLightbox[gallery_image_1]\" class=\"fusion-lightbox\" target=\"_self\"><img decoding=\"async\" src=\"https:\/\/welovekiel.com\/wp-content\/uploads\/windjammerparade-kieler-woche-2014-seacloud-segelschiff.jpg\" data-orig-src=\"https:\/\/welovekiel.com\/wp-content\/uploads\/windjammerparade-kieler-woche-2014-seacloud-segelschiff.jpg\" width=\"1200\" height=\"800\" alt=\"Sea Cloud II Segelschiff Windjammerparade Kiel 2014\" title=\"Sea Cloud II Segelschiff Windjammerparade Kiel 2014\" aria-label=\"Sea Cloud II Segelschiff Windjammerparade Kiel 2014\" class=\"lazyload img-responsive wp-image-969\" srcset=\"data:image\/svg+xml,%3Csvg%20xmlns%3D%27http%3A%2F%2Fwww.w3.org%2F2000%2Fsvg%27%20width%3D%271200%27%20height%3D%27800%27%20viewBox%3D%270%200%201200%20800%27%3E%3Crect%20width%3D%271200%27%20height%3D%27800%27%20fill-opacity%3D%220%22%2F%3E%3C%2Fsvg%3E\" data-srcset=\"https:\/\/welovekiel.com\/wp-content\/uploads\/windjammerparade-kieler-woche-2014-seacloud-segelschiff-200x133.jpg 200w, https:\/\/welovekiel.com\/wp-content\/uploads\/windjammerparade-kieler-woche-2014-seacloud-segelschiff-400x267.jpg 400w, https:\/\/welovekiel.com\/wp-content\/uploads\/windjammerparade-kieler-woche-2014-seacloud-segelschiff-600x400.jpg 600w, https:\/\/welovekiel.com\/wp-content\/uploads\/windjammerparade-kieler-woche-2014-seacloud-segelschiff-800x533.jpg 800w, https:\/\/welovekiel.com\/wp-content\/uploads\/windjammerparade-kieler-woche-2014-seacloud-segelschiff.jpg 1200w\" data-sizes=\"auto\" data-orig-sizes=\"(min-width: 2200px) 100vw, (min-width: 712px) 548px, (min-width: 640px) 712px, \"><\/a><\/div><\/div><div class=\"clearfix\"><\/div><div style=\"padding:5px;\" class=\"fusion-grid-column fusion-gallery-column fusion-gallery-column-2 hover-type-none\"><div class=\"fusion-gallery-image\"><a href=\"https:\/\/welovekiel.com\/wp-content\/uploads\/segelschiffe-windjammerparade-2020-kiel1.jpg\" data-title=\"Segelschiffe Windjammertparade 2020 Kieler F&ouml;rde\" title=\"Segelschiffe Windjammertparade 2020 Kieler F&ouml;rde\" rel=\"noreferrer\" data-rel=\"iLightbox[gallery_image_1]\" class=\"fusion-lightbox\" target=\"_self\"><img decoding=\"async\" src=\"https:\/\/welovekiel.com\/wp-content\/uploads\/segelschiffe-windjammerparade-2020-kiel1.jpg\" data-orig-src=\"https:\/\/welovekiel.com\/wp-content\/uploads\/segelschiffe-windjammerparade-2020-kiel1.jpg\" width=\"1200\" height=\"800\" alt=\"Segelschiffe Windjammertparade 2020 Kieler F&ouml;rde\" title=\"Segelschiffe Windjammertparade 2020 Kieler F&ouml;rde\" aria-label=\"Segelschiffe Windjammertparade 2020 Kieler F&ouml;rde\" class=\"lazyload img-responsive wp-image-4093\" srcset=\"data:image\/svg+xml,%3Csvg%20xmlns%3D%27http%3A%2F%2Fwww.w3.org%2F2000%2Fsvg%27%20width%3D%271200%27%20height%3D%27800%27%20viewBox%3D%270%200%201200%20800%27%3E%3Crect%20width%3D%271200%27%20height%3D%27800%27%20fill-opacity%3D%220%22%2F%3E%3C%2Fsvg%3E\" data-srcset=\"https:\/\/welovekiel.com\/wp-content\/uploads\/segelschiffe-windjammerparade-2020-kiel1-200x133.jpg 200w, https:\/\/welovekiel.com\/wp-content\/uploads\/segelschiffe-windjammerparade-2020-kiel1-400x267.jpg 400w, https:\/\/welovekiel.com\/wp-content\/uploads\/segelschiffe-windjammerparade-2020-kiel1-600x400.jpg 600w, https:\/\/welovekiel.com\/wp-content\/uploads\/segelschiffe-windjammerparade-2020-kiel1-800x533.jpg 800w, https:\/\/welovekiel.com\/wp-content\/uploads\/segelschiffe-windjammerparade-2020-kiel1.jpg 1200w\" data-sizes=\"auto\" data-orig-sizes=\"(min-width: 2200px) 100vw, (min-width: 712px) 548px, (min-width: 640px) 712px, \"><\/a><\/div><\/div><div style=\"padding:5px;\" class=\"fusion-grid-column fusion-gallery-column fusion-gallery-column-2 hover-type-none\"><div class=\"fusion-gallery-image\"><a href=\"https:\/\/welovekiel.com\/wp-content\/uploads\/2019\/05\/windjammerparade-2018-kieler-foeder.jpg\" data-title=\"Windjammerparade Kiel 2018\" title=\"Windjammerparade Kiel 2018\" rel=\"noreferrer\" data-rel=\"iLightbox[gallery_image_1]\" class=\"fusion-lightbox\" target=\"_self\"><img decoding=\"async\" src=\"https:\/\/welovekiel.com\/wp-content\/uploads\/2019\/05\/windjammerparade-2018-kieler-foeder.jpg\" data-orig-src=\"https:\/\/welovekiel.com\/wp-content\/uploads\/2019\/05\/windjammerparade-2018-kieler-foeder.jpg\" width=\"1200\" height=\"800\" alt=\"Windjammerparade Kiel 2018\" title=\"Windjammerparade Kiel 2018\" aria-label=\"Windjammerparade Kiel 2018\" class=\"lazyload img-responsive wp-image-113\" srcset=\"data:image\/svg+xml,%3Csvg%20xmlns%3D%27http%3A%2F%2Fwww.w3.org%2F2000%2Fsvg%27%20width%3D%271200%27%20height%3D%27800%27%20viewBox%3D%270%200%201200%20800%27%3E%3Crect%20width%3D%271200%27%20height%3D%27800%27%20fill-opacity%3D%220%22%2F%3E%3C%2Fsvg%3E\" data-srcset=\"https:\/\/welovekiel.com\/wp-content\/uploads\/2019\/05\/windjammerparade-2018-kieler-foeder-200x133.jpg 200w, https:\/\/welovekiel.com\/wp-content\/uploads\/2019\/05\/windjammerparade-2018-kieler-foeder-400x267.jpg 400w, https:\/\/welovekiel.com\/wp-content\/uploads\/2019\/05\/windjammerparade-2018-kieler-foeder-600x400.jpg 600w, https:\/\/welovekiel.com\/wp-content\/uploads\/2019\/05\/windjammerparade-2018-kieler-foeder-800x533.jpg 800w, https:\/\/welovekiel.com\/wp-content\/uploads\/2019\/05\/windjammerparade-2018-kieler-foeder.jpg 1200w\" data-sizes=\"auto\" data-orig-sizes=\"(min-width: 2200px) 100vw, (min-width: 712px) 548px, (min-width: 640px) 712px, \"><\/a><\/div><\/div><div class=\"clearfix\"><\/div><div style=\"padding:5px;\" class=\"fusion-grid-column fusion-gallery-column fusion-gallery-column-2 hover-type-none\"><div class=\"fusion-gallery-image\"><a href=\"https:\/\/welovekiel.com\/wp-content\/uploads\/windjammerparade-kieler-woche-2019.jpg\" data-title=\"Windjammerparade Kieler Woche 2019\" title=\"Windjammerparade Kieler Woche 2019\" rel=\"noreferrer\" data-rel=\"iLightbox[gallery_image_1]\" class=\"fusion-lightbox\" target=\"_self\"><img decoding=\"async\" src=\"https:\/\/welovekiel.com\/wp-content\/uploads\/windjammerparade-kieler-woche-2019.jpg\" data-orig-src=\"https:\/\/welovekiel.com\/wp-content\/uploads\/windjammerparade-kieler-woche-2019.jpg\" width=\"1200\" height=\"800\" alt=\"Windjammerparade Kieler Woche 2019\" title=\"Windjammerparade Kieler Woche 2019\" aria-label=\"Windjammerparade Kieler Woche 2019\" class=\"lazyload img-responsive wp-image-268\" srcset=\"data:image\/svg+xml,%3Csvg%20xmlns%3D%27http%3A%2F%2Fwww.w3.org%2F2000%2Fsvg%27%20width%3D%271200%27%20height%3D%27800%27%20viewBox%3D%270%200%201200%20800%27%3E%3Crect%20width%3D%271200%27%20height%3D%27800%27%20fill-opacity%3D%220%22%2F%3E%3C%2Fsvg%3E\" data-srcset=\"https:\/\/welovekiel.com\/wp-content\/uploads\/windjammerparade-kieler-woche-2019-200x133.jpg 200w, https:\/\/welovekiel.com\/wp-content\/uploads\/windjammerparade-kieler-woche-2019-400x267.jpg 400w, https:\/\/welovekiel.com\/wp-content\/uploads\/windjammerparade-kieler-woche-2019-600x400.jpg 600w, https:\/\/welovekiel.com\/wp-content\/uploads\/windjammerparade-kieler-woche-2019-800x533.jpg 800w, https:\/\/welovekiel.com\/wp-content\/uploads\/windjammerparade-kieler-woche-2019.jpg 1200w\" data-sizes=\"auto\" data-orig-sizes=\"(min-width: 2200px) 100vw, (min-width: 712px) 548px, (min-width: 640px) 712px, \"><\/a><\/div><\/div><div style=\"padding:5px;\" class=\"fusion-grid-column fusion-gallery-column fusion-gallery-column-2 hover-type-none\"><div class=\"fusion-gallery-image\"><a href=\"https:\/\/welovekiel.com\/wp-content\/uploads\/segelschiffe-windjammerparade-2020-kiel3.jpg\" data-title=\"Segelschiffe Windjammertparade 2020\" title=\"Segelschiffe Windjammertparade 2020\" rel=\"noreferrer\" data-rel=\"iLightbox[gallery_image_1]\" class=\"fusion-lightbox\" target=\"_self\"><img decoding=\"async\" src=\"https:\/\/welovekiel.com\/wp-content\/uploads\/segelschiffe-windjammerparade-2020-kiel3.jpg\" data-orig-src=\"https:\/\/welovekiel.com\/wp-content\/uploads\/segelschiffe-windjammerparade-2020-kiel3.jpg\" width=\"1200\" height=\"800\" alt=\"Segelschiffe Windjammertparade 2020\" title=\"Segelschiffe Windjammertparade 2020\" aria-label=\"Segelschiffe Windjammertparade 2020\" class=\"lazyload img-responsive wp-image-4097\" srcset=\"data:image\/svg+xml,%3Csvg%20xmlns%3D%27http%3A%2F%2Fwww.w3.org%2F2000%2Fsvg%27%20width%3D%271200%27%20height%3D%27800%27%20viewBox%3D%270%200%201200%20800%27%3E%3Crect%20width%3D%271200%27%20height%3D%27800%27%20fill-opacity%3D%220%22%2F%3E%3C%2Fsvg%3E\" data-srcset=\"https:\/\/welovekiel.com\/wp-content\/uploads\/segelschiffe-windjammerparade-2020-kiel3-200x133.jpg 200w, https:\/\/welovekiel.com\/wp-content\/uploads\/segelschiffe-windjammerparade-2020-kiel3-400x267.jpg 400w, https:\/\/welovekiel.com\/wp-content\/uploads\/segelschiffe-windjammerparade-2020-kiel3-600x400.jpg 600w, https:\/\/welovekiel.com\/wp-content\/uploads\/segelschiffe-windjammerparade-2020-kiel3-800x533.jpg 800w, https:\/\/welovekiel.com\/wp-content\/uploads\/segelschiffe-windjammerparade-2020-kiel3.jpg 1200w\" data-sizes=\"auto\" data-orig-sizes=\"(min-width: 2200px) 100vw, (min-width: 712px) 548px, (min-width: 640px) 712px, \"><\/a><\/div><\/div><div class=\"clearfix\"><\/div><\/div><\/div><style type=\"text\/css\">@media only screen and (max-width:1024px) {.fusion-title.fusion-title-2{margin-top:20px!important; margin-right:0px!important;margin-bottom:31px!important;margin-left:0px!important;}}@media only screen and (max-width:640px) {.fusion-title.fusion-title-2{margin-top:0px!important; margin-right:0px!important;margin-bottom:20px!important; margin-left:0px!important;}}<\/style><div class=\"fusion-title title fusion-title-2 fusion-title-text fusion-title-size-two\" style=\"margin-top:20px;margin-right:0px;margin-bottom:31px;margin-left:0px;\"><div class=\"title-sep-container title-sep-container-left fusion-no-large-visibility fusion-no-medium-visibility fusion-no-small-visibility\"><div class=\"title-sep sep-double sep-solid\" style=\"border-color:#e0dede;\"><\/div><\/div><span class=\"awb-title-spacer fusion-no-large-visibility fusion-no-medium-visibility fusion-no-small-visibility\"><\/span><h2 class=\"title-heading-left\" style=\"margin:0;\">Videos Kieler Woche Windjammerparade<\/h2><span class=\"awb-title-spacer\"><\/span><div class=\"title-sep-container title-sep-container-right\"><div class=\"title-sep sep-double sep-solid\" style=\"border-color:#e0dede;\"><\/div><\/div><\/div><div class=\"fusion-video fusion-youtube\" style=\"max-width:800px;max-height:450px;\"><div class=\"video-shortcode\"><div class=\"fluid-width-video-wrapper\" style=\"padding-top:56.25%;\"><iframe title=\"YouTube video player 1\" src=\"https:\/\/www.youtube.com\/embed\/kGLKsisEtOM?wmode=transparent&amp;autoplay=0\" width=\"800\" height=\"450\" allowfullscreen allow=\"autoplay; fullscreen\"><\/iframe><\/div><\/div><\/div><div class=\"fusion-section-separator section-separator hills fusion-section-separator-1\"><div class=\"fusion-section-separator-svg\" style=\"font-size:0;line-height:0;\"><svg class=\"fusion-hills-candy\" fill=\"#f6f6f6\" xmlns=\"http:\/\/www.w3.org\/2000\/svg\" version=\"1.1\" width=\"100%\" viewbox=\"0 74 1024 107\" preserveaspectratio=\"none\"><path class=\"st4\" d=\"M0 182.086h1024v-77.312c-49.05 20.07-120.525 42.394-193.229 42.086-128.922-.512-159.846-72.294-255.795-72.294-89.088 0-134.656 80.179-245.043 82.022S169.063 99.346 49.971 97.401C32.768 97.094 16.077 99.244 0 103.135v78.951z\"><\/path><\/svg><\/div><div class=\"fusion-section-separator-spacer\"><div class=\"fusion-section-separator-spacer-height\" style=\"padding-top:10.44921875%;\"><\/div><\/div><style type=\"text\/css\">.fusion-section-separator-1 .fusion-section-separator-svg {margin-left:2.56%;margin-right:2.56%;}@media only screen and (max-width:1024px) {.fusion-section-separator-1 .fusion-section-separator-svg {margin-left:1.92%;margin-right:1.92%;}}@media only screen and (max-width:640px) {.fusion-section-separator-1 .fusion-section-separator-svg {margin-left:1.92%;margin-right:1.92%;}}<\/style><\/div><div class=\"fusion-video fusion-youtube\" style=\"max-width:800px;max-height:450px;\"><div class=\"video-shortcode\"><div class=\"fluid-width-video-wrapper\" style=\"padding-top:56.25%;\"><iframe title=\"YouTube video player 2\" src=\"https:\/\/www.youtube.com\/embed\/9EP7sFAl0UM?wmode=transparent&amp;autoplay=0\" width=\"800\" height=\"450\" allowfullscreen allow=\"autoplay; fullscreen\"><\/iframe><\/div><\/div><\/div><div class=\"fusion-section-separator section-separator hills fusion-section-separator-2\"><div class=\"fusion-section-separator-svg\" style=\"font-size:0;line-height:0;\"><svg class=\"fusion-hills-candy\" fill=\"#f6f6f6\" xmlns=\"http:\/\/www.w3.org\/2000\/svg\" version=\"1.1\" width=\"100%\" viewbox=\"0 74 1024 107\" preserveaspectratio=\"none\"><path class=\"st4\" d=\"M0 182.086h1024v-77.312c-49.05 20.07-120.525 42.394-193.229 42.086-128.922-.512-159.846-72.294-255.795-72.294-89.088 0-134.656 80.179-245.043 82.022S169.063 99.346 49.971 97.401C32.768 97.094 16.077 99.244 0 103.135v78.951z\"><\/path><\/svg><\/div><div class=\"fusion-section-separator-spacer\"><div class=\"fusion-section-separator-spacer-height\" style=\"padding-top:10.44921875%;\"><\/div><\/div><style type=\"text\/css\">.fusion-section-separator-2 .fusion-section-separator-svg {margin-left:2.56%;margin-right:2.56%;}@media only screen and (max-width:1024px) {.fusion-section-separator-2 .fusion-section-separator-svg {margin-left:1.92%;margin-right:1.92%;}}@media only screen and (max-width:640px) {.fusion-section-separator-2 .fusion-section-separator-svg {margin-left:1.92%;margin-right:1.92%;}}<\/style><\/div><div class=\"fusion-alert alert error alert-danger fusion-alert-center fusion-alert-capitalize\" role=\"alert\" style=\"background-color:#f2dede;color:#a64242;border-color:#a64242;border-width:1px;\"><div class=\"fusion-alert-content-wrapper\"><span class=\"alert-icon\"><i class=\"awb-icon-exclamation-triangle\" aria-hidden=\"true\"><\/i><\/span><span class=\"fusion-alert-content\"><strong>CORONA VIRUS<\/strong>: Aufgrund der Corona-Pandemie k&ouml;nnen Termine abgesagt und\/oder verschoben werden.<\/span><\/div><\/div><\/div><style type=\"text\/css\">.fusion-body .fusion-builder-column-0{width:75% !important;margin-top : 0px;margin-bottom : 20px;}.fusion-builder-column-0 > .fusion-column-wrapper {padding-top : 0px !important;padding-right : 0px !important;margin-right : 2.56%;padding-bottom : 0px !important;padding-left : 0px !important;margin-left : 2.56%;}@media only screen and (max-width:1024px) {.fusion-body .fusion-builder-column-0{width:100% !important;order : 0;}.fusion-builder-column-0 > .fusion-column-wrapper {margin-right : 1.92%;margin-left : 1.92%;}}@media only screen and (max-width:640px) {.fusion-body .fusion-builder-column-0{width:100% !important;order : 0;}.fusion-builder-column-0 > .fusion-column-wrapper {margin-right : 1.92%;margin-left : 1.92%;}}<\/style><\/div><div class=\"fusion-layout-column fusion_builder_column fusion-builder-column-1 fusion_builder_column_1_4 1_4 fusion-flex-column\"><div class=\"fusion-column-wrapper fusion-flex-justify-content-flex-start fusion-content-layout-column\" style=\"background-position:left top;background-repeat:no-repeat;-webkit-background-size:cover;-moz-background-size:cover;-o-background-size:cover;background-size:cover;padding: 0px 0px 0px 0px;\"><div class=\"fusion-widget-area fusion-widget-area-1 fusion-content-widget-area\"><style type=\"text\/css\">.fusion-widget-area-1 {padding:0px 0px 0px 0px;}.fusion-widget-area-1 .widget h4 {color:#333333;}.fusion-widget-area-1 .widget .heading h4 {color:#333333;}<\/style><div class=\"tribe-compatibility-container\">\n\t<div class=\"tribe-common tribe-events tribe-events-view tribe-events-view--widget-events-list tribe-events-widget\" data-js=\"tribe-events-view\" data-view-rest-url=\"https:\/\/welovekiel.com\/de\/wp-json\/tribe\/views\/v2\/html\" data-view-manage-url=\"1\" data-view-breakpoint-pointer=\"2eb87e60-9491-48fb-9a79-7f54755949ae\">\n\t\t<div class=\"tribe-events-widget-events-list\">\n\n\t\t\t<script type=\"application\/ld+json\">\r\n[{\"@context\":\"http:\/\/schema.org\",\"@type\":\"Event\",\"name\":\"Flohmarkt Preetz Innenstadt 01.05.2026\",\"description\":\"&lt;p&gt;Flohmarkt Preetz Innenstadt am Freitag, den 1. Mai 2026 ab 7.00 Uhr in der Preetzer Innenstadt zentral gelegen auf dem Marktplatz in Preetz. In den Monaten Mai bis Oktober 2026 finden mehrere Flohm\\u00e4rkte in der [&hellip;]&lt;\/p&gt;\\\\n\",\"image\":\"https:\/\/welovekiel.com\/wp-content\/uploads\/flohmarkt-stand-schmuck.jpg\",\"url\":\"https:\/\/welovekiel.com\/de\/event\/flohmarkt-preetz-innenstadt-1-5-2026\/\",\"eventAttendanceMode\":\"https:\/\/schema.org\/OfflineEventAttendanceMode\",\"eventStatus\":\"https:\/\/schema.org\/EventScheduled\",\"startDate\":\"2026-05-01T07:00:00+02:00\",\"endDate\":\"2026-05-01T17:00:00+02:00\",\"location\":{\"@type\":\"Place\",\"name\":\"Marktplatz Preetz\",\"description\":\"\",\"url\":\"https:\/\/welovekiel.com\/de\/veranstaltungsort\/marktplatz-preetz\/\",\"address\":{\"@type\":\"PostalAddress\",\"streetAddress\":\"Marktplatz\",\"addressLocality\":\"Preetz\",\"postalCode\":\"24211\",\"addressCountry\":\"Deutschland\"},\"telephone\":\"\",\"sameAs\":\"\"},\"offers\":{\"@type\":\"Offer\",\"price\":\"0\",\"priceCurrency\":\"EUR\",\"url\":\"https:\/\/welovekiel.com\/de\/event\/flohmarkt-preetz-innenstadt-1-5-2026\/\",\"category\":\"primary\",\"availability\":\"inStock\",\"validFrom\":\"2026-04-26T00:00:00+00:00\"},\"performer\":\"Organization\"},{\"@context\":\"http:\/\/schema.org\",\"@type\":\"Event\",\"name\":\"Flohmarkt Kiel Innenstadt Holstenplatz bis Rathausplatz 03.05.2026\",\"description\":\"&lt;p&gt;Flohmarkt Kiel Innenstadt am Sonntag, den 3. Mai 2026 ab 8 Uhr auf dem Rathausplatz, Asmus-Bremer-Platz, Europaplatz, Fleeth\\u00f6rn, Willestra\\u00dfe, Holstenplatz und Holstenstra\\u00dfe. In den Monaten April bis September 2026 veranstaltet die Landeshauptstadt Kiel mehrere Flohm\\u00e4rkte [&hellip;]&lt;\/p&gt;\\\\n\",\"image\":\"https:\/\/welovekiel.com\/wp-content\/uploads\/kieler-rathausplatz-flohmarkt-innenstadt-kiel.jpg\",\"url\":\"https:\/\/welovekiel.com\/de\/event\/flohmarkt-kiel-innenstadt-holstenplatz-bis-rathausplatz-3-5-2026\/\",\"eventAttendanceMode\":\"https:\/\/schema.org\/OfflineEventAttendanceMode\",\"eventStatus\":\"https:\/\/schema.org\/EventScheduled\",\"startDate\":\"2026-05-03T08:00:00+02:00\",\"endDate\":\"2026-05-03T16:00:00+02:00\",\"location\":{\"@type\":\"Place\",\"name\":\"Rathausplatz Kiel\",\"description\":\"\",\"url\":\"https:\/\/welovekiel.com\/de\/veranstaltungsort\/rathausplatz-kiel\/\",\"address\":{\"@type\":\"PostalAddress\",\"streetAddress\":\"Rathausplatz\",\"addressLocality\":\"Kiel\",\"postalCode\":\"24103\",\"addressCountry\":\"Deutschland\"},\"telephone\":\"\",\"sameAs\":\"\"},\"organizer\":{\"@type\":\"Person\",\"name\":\"Landeshauptstadt Kiel\",\"description\":\"\",\"url\":\"\",\"telephone\":\"\",\"email\":\"\",\"sameAs\":\"\"},\"offers\":{\"@type\":\"Offer\",\"price\":\"0\",\"priceCurrency\":\"EUR\",\"url\":\"https:\/\/welovekiel.com\/de\/event\/flohmarkt-kiel-innenstadt-holstenplatz-bis-rathausplatz-3-5-2026\/\",\"category\":\"primary\",\"availability\":\"inStock\",\"validFrom\":\"1970-01-01T00:00:00+00:00\"},\"performer\":\"Organization\"},{\"@context\":\"http:\/\/schema.org\",\"@type\":\"Event\",\"name\":\"Flohmarkt Kaufland Kiel-Mettenhof 10.05.2026\",\"description\":\"&lt;p&gt;Flohmarkt Kaufland Kiel-Mettenhof am Sonntag, den 10. Mai 2026 ab 6 Uhr auf dem Kaufland Parkplatz im Kieler Stadtteil Mettenhof am Skandinaviendamm. In den Monaten Januar bis Dezember 2026 veranstaltet Heinz Geide Flohm\\u00e4rkte insgesamt 12 [&hellip;]&lt;\/p&gt;\\\\n\",\"image\":\"https:\/\/welovekiel.com\/wp-content\/uploads\/kaufland-mettenhof-parkhaus-flohmarkt.jpg\",\"url\":\"https:\/\/welovekiel.com\/de\/event\/flohmarkt-kaufland-kiel-mettenhof-10-05-2026\/\",\"eventAttendanceMode\":\"https:\/\/schema.org\/OfflineEventAttendanceMode\",\"eventStatus\":\"https:\/\/schema.org\/EventScheduled\",\"startDate\":\"2026-05-10T06:00:00+02:00\",\"endDate\":\"2026-05-10T16:00:00+02:00\",\"location\":{\"@type\":\"Place\",\"name\":\"Kaufland Kiel-Mettenhof\",\"description\":\"\",\"url\":\"https:\/\/welovekiel.com\/de\/veranstaltungsort\/kaufland-kiel-mettenhof\/\",\"address\":{\"@type\":\"PostalAddress\",\"streetAddress\":\"Skandinaviendamm 299\",\"addressLocality\":\"Kiel\",\"postalCode\":\"24109\",\"addressCountry\":\"Deutschland\"},\"telephone\":\"\",\"sameAs\":\"\"},\"organizer\":{\"@type\":\"Person\",\"name\":\"Heinz Geide Flom\\u00e4rkte\",\"description\":\"\",\"url\":\"\",\"telephone\":\"\",\"email\":\"\",\"sameAs\":\"\"},\"offers\":{\"@type\":\"Offer\",\"price\":\"0\",\"priceCurrency\":\"EUR\",\"url\":\"https:\/\/welovekiel.com\/de\/event\/flohmarkt-kaufland-kiel-mettenhof-10-05-2026\/\",\"category\":\"primary\",\"availability\":\"inStock\",\"validFrom\":\"1970-01-01T00:00:00+00:00\"},\"performer\":\"Organization\"},{\"@context\":\"http:\/\/schema.org\",\"@type\":\"Event\",\"name\":\"Flohmarkt Kaufland Schwentinental \/ Raisdorf 14.5.2026\",\"description\":\"&lt;p&gt;Flohmarkt Kaufland Schwentinental \/ Raisdorf am Donnerstag, den 14. Mai 2026 ab 8.00 Uhr auf dem Kaufland Parkplatz in der Mergenthalerstra\\u00dfe (ehemals real). Am 14.05.2026 veranstaltet Hochberg Flohm\\u00e4rkte einen gro\\u00dfen Flohmarkt auf dem Kaufland Parkplatz [&hellip;]&lt;\/p&gt;\\\\n\",\"image\":\"https:\/\/welovekiel.com\/wp-content\/uploads\/flohmarkt-kiel-verkaufsstand-figuren-sammeln.jpg\",\"url\":\"https:\/\/welovekiel.com\/de\/event\/flohmarkt-kaufland-schwentinental-raisdorf-14-5-2026\/\",\"eventAttendanceMode\":\"https:\/\/schema.org\/OfflineEventAttendanceMode\",\"eventStatus\":\"https:\/\/schema.org\/EventScheduled\",\"startDate\":\"2026-05-14T08:00:00+02:00\",\"endDate\":\"2026-05-14T16:00:00+02:00\",\"location\":{\"@type\":\"Place\",\"name\":\"Kaufland Schwentinental\",\"description\":\"\",\"url\":\"https:\/\/welovekiel.com\/de\/veranstaltungsort\/kaufland-schwentinental\/\",\"address\":{\"@type\":\"PostalAddress\",\"streetAddress\":\"Mergenthalerstra\\u00dfe 13-21\",\"addressLocality\":\"Schwentinental\",\"postalCode\":\"24223\",\"addressCountry\":\"Germany\"},\"telephone\":\"\",\"sameAs\":\"\"},\"organizer\":{\"@type\":\"Person\",\"name\":\"Hochberg Flohmarkt\",\"description\":\"\",\"url\":\"\",\"telephone\":\"\",\"email\":\"\",\"sameAs\":\"\"},\"offers\":{\"@type\":\"Offer\",\"price\":\"0\",\"priceCurrency\":\"EUR\",\"url\":\"https:\/\/welovekiel.com\/de\/event\/flohmarkt-kaufland-schwentinental-raisdorf-14-5-2026\/\",\"category\":\"primary\",\"availability\":\"inStock\",\"validFrom\":\"1970-01-01T00:00:00+00:00\"},\"performer\":\"Organization\"},{\"@context\":\"http:\/\/schema.org\",\"@type\":\"Event\",\"name\":\"Flohmarkt famila Kiel-Wik 17.5.2026\",\"description\":\"&lt;p&gt;Flohmarkt famila Kiel-Wik am Sonntag, den 17. Mai 2026 ab 6 Uhr auf dem famila Parkplatz im Kieler Stadtteil Wik in der Prinz-Heinrich-Stra\\u00dfe. In den Monaten M\\u00e4rz bis Oktober 2026 veranstaltet Heinz Geide Flohm\\u00e4rkte insgesamt [&hellip;]&lt;\/p&gt;\\\\n\",\"image\":\"https:\/\/welovekiel.com\/wp-content\/uploads\/famila-flohmarkt-kiel-wik.jpg\",\"url\":\"https:\/\/welovekiel.com\/de\/event\/flohmarkt-famila-kiel-wik-17-5-2026\/\",\"eventAttendanceMode\":\"https:\/\/schema.org\/OfflineEventAttendanceMode\",\"eventStatus\":\"https:\/\/schema.org\/EventScheduled\",\"startDate\":\"2026-05-17T06:00:00+02:00\",\"endDate\":\"2026-05-17T16:00:00+02:00\",\"location\":{\"@type\":\"Place\",\"name\":\"famila Kiel-Wik\",\"description\":\"\",\"url\":\"https:\/\/welovekiel.com\/de\/veranstaltungsort\/famila-kiel-wik\/\",\"address\":{\"@type\":\"PostalAddress\",\"streetAddress\":\"Prinz-Heinrich-Stra\\u00dfe 20\",\"addressLocality\":\"Kiel\",\"postalCode\":\"24106\",\"addressCountry\":\"Deutschland\"},\"telephone\":\"\",\"sameAs\":\"\"},\"organizer\":{\"@type\":\"Person\",\"name\":\"Heinz Geide Flom\\u00e4rkte\",\"description\":\"\",\"url\":\"\",\"telephone\":\"\",\"email\":\"\",\"sameAs\":\"\"},\"offers\":{\"@type\":\"Offer\",\"price\":\"0\",\"priceCurrency\":\"EUR\",\"url\":\"https:\/\/welovekiel.com\/de\/event\/flohmarkt-famila-kiel-wik-17-5-2026\/\",\"category\":\"primary\",\"availability\":\"inStock\",\"validFrom\":\"1970-01-01T00:00:00+00:00\"},\"performer\":\"Organization\"},{\"@context\":\"http:\/\/schema.org\",\"@type\":\"Event\",\"name\":\"Flohmarkt Citti-Park Kiel 17.5.2026\",\"description\":\"&lt;p&gt;Flohmarkt Citti-Park Kiel am Sonntag, den 17. Mai 2026 ab 8 Uhr auf dem Citti-Park Parkplatz im M\\u00fchlendamm 1 im Kieler Stadtteil Hassee. An insgesamt sechs Terminen im Jahr 2026 veranstaltet die Firma Hochberg Flohm\\u00e4rkte [&hellip;]&lt;\/p&gt;\\\\n\",\"image\":\"https:\/\/welovekiel.com\/wp-content\/uploads\/flohmarkt-kiel-citti-park.jpg\",\"url\":\"https:\/\/welovekiel.com\/de\/event\/flohmarkt-citti-park-kiel-17-5-2026\/\",\"eventAttendanceMode\":\"https:\/\/schema.org\/OfflineEventAttendanceMode\",\"eventStatus\":\"https:\/\/schema.org\/EventScheduled\",\"startDate\":\"2026-05-17T08:00:00+02:00\",\"endDate\":\"2026-05-17T16:00:00+02:00\",\"location\":{\"@type\":\"Place\",\"name\":\"Citti-Park Kiel\",\"description\":\"\",\"url\":\"https:\/\/welovekiel.com\/de\/veranstaltungsort\/citti-park-kiel\/\",\"address\":{\"@type\":\"PostalAddress\",\"streetAddress\":\"M\\u00fchlendamm 1\",\"addressLocality\":\"Kiel\",\"postalCode\":\"24113\",\"addressCountry\":\"Deutschland\"},\"telephone\":\"\",\"sameAs\":\"\"},\"organizer\":{\"@type\":\"Person\",\"name\":\"Hochberg Flohmarkt\",\"description\":\"\",\"url\":\"\",\"telephone\":\"\",\"email\":\"\",\"sameAs\":\"\"},\"offers\":{\"@type\":\"Offer\",\"price\":\"0\",\"priceCurrency\":\"EUR\",\"url\":\"https:\/\/welovekiel.com\/de\/event\/flohmarkt-citti-park-kiel-17-5-2026\/\",\"category\":\"primary\",\"availability\":\"inStock\",\"validFrom\":\"1970-01-01T00:00:00+00:00\"},\"performer\":\"Organization\"},{\"@context\":\"http:\/\/schema.org\",\"@type\":\"Event\",\"name\":\"Flohmarkt Gettorf Fu\\u00dfg\\u00e4ngerzone 31.05.2026\",\"description\":\"&lt;p&gt;Flohmarkt Gettorf Fu\\u00dfg\\u00e4ngerzone am Sonntag, den 31. Mai 2026 ab 8 Uhr in der Gettorfer Fu\\u00dfg\\u00e4ngerzone in der Teichstra\\u00dfe. In den Monaten M\\u00e4rz bis Oktober 2026 veranstaltet Olaf Platner Veranstaltungs- und Eventmanagement insgesamt acht Flohm\\u00e4rkte [&hellip;]&lt;\/p&gt;\\\\n\",\"image\":\"https:\/\/welovekiel.com\/wp-content\/uploads\/flohmarkt-stand-deko-glaeser.jpg\",\"url\":\"https:\/\/welovekiel.com\/de\/event\/flohmarkt-gettorf-fussgaengerzone-31-05-2026\/\",\"eventAttendanceMode\":\"https:\/\/schema.org\/OfflineEventAttendanceMode\",\"eventStatus\":\"https:\/\/schema.org\/EventScheduled\",\"startDate\":\"2026-05-31T08:00:00+02:00\",\"endDate\":\"2026-05-31T15:00:00+02:00\",\"location\":{\"@type\":\"Place\",\"name\":\"Gettorf Fu\\u00dfg\\u00e4ngerzone\",\"description\":\"\",\"url\":\"https:\/\/welovekiel.com\/de\/veranstaltungsort\/gettorf-fussgaengerzone\/\",\"address\":{\"@type\":\"PostalAddress\",\"streetAddress\":\"Teichstra\\u00dfe\",\"addressLocality\":\"Gettorf\",\"postalCode\":\"24214\",\"addressCountry\":\"Deutschland\"},\"telephone\":\"\",\"sameAs\":\"\"},\"organizer\":{\"@type\":\"Person\",\"name\":\"Olaf Platner Veranstaltungs- und Eventmanagement\",\"description\":\"\",\"url\":\"\",\"telephone\":\"\",\"email\":\"\",\"sameAs\":\"\"},\"offers\":{\"@type\":\"Offer\",\"price\":\"0\",\"priceCurrency\":\"EUR\",\"url\":\"https:\/\/welovekiel.com\/de\/event\/flohmarkt-gettorf-fussgaengerzone-31-05-2026\/\",\"category\":\"primary\",\"availability\":\"inStock\",\"validFrom\":\"2026-04-25T00:00:00+00:00\"},\"performer\":\"Organization\"},{\"@context\":\"http:\/\/schema.org\",\"@type\":\"Event\",\"name\":\"Flohmarkt famila Kiel-Neumeimersdorf 31.5.2026\",\"description\":\"&lt;p&gt;Flohmarkt famila Kiel-Neumeimersdorf am Sonntag, den 31. Mai 2026 ab 8.30 Uhr auf dem famila Parkplatz im Kieler Stadtteil Meimersdorf in der Grot-Steenbusch. Am 31.05.2026 veranstaltet Hochberg Flohm\\u00e4rkte den beliebten Flohmarkt bei famila in Neumeimersdorf. [&hellip;]&lt;\/p&gt;\\\\n\",\"image\":\"https:\/\/welovekiel.com\/wp-content\/uploads\/flohmarkt-famila-kiel-neu-mielkendorf.jpg\",\"url\":\"https:\/\/welovekiel.com\/de\/event\/flohmarkt-famila-kiel-neumeimersdorf-31-5-2026\/\",\"eventAttendanceMode\":\"https:\/\/schema.org\/OfflineEventAttendanceMode\",\"eventStatus\":\"https:\/\/schema.org\/EventScheduled\",\"startDate\":\"2026-05-31T08:30:00+02:00\",\"endDate\":\"2026-05-31T16:00:00+02:00\",\"location\":{\"@type\":\"Place\",\"name\":\"famila Kiel-Neumeimersdorf\",\"description\":\"\",\"url\":\"https:\/\/welovekiel.com\/de\/veranstaltungsort\/famila-kiel-neumeimersdorf\/\",\"address\":{\"@type\":\"PostalAddress\",\"streetAddress\":\"Grot Steenbusch 35\",\"addressLocality\":\"Kiel\",\"postalCode\":\"24145\",\"addressCountry\":\"Deutschland\"},\"telephone\":\"\",\"sameAs\":\"\"},\"organizer\":{\"@type\":\"Person\",\"name\":\"Hochberg Flohmarkt\",\"description\":\"\",\"url\":\"\",\"telephone\":\"\",\"email\":\"\",\"sameAs\":\"\"},\"offers\":{\"@type\":\"Offer\",\"price\":\"0\",\"priceCurrency\":\"EUR\",\"url\":\"https:\/\/welovekiel.com\/de\/event\/flohmarkt-famila-kiel-neumeimersdorf-31-5-2026\/\",\"category\":\"primary\",\"availability\":\"inStock\",\"validFrom\":\"1970-01-01T00:00:00+00:00\"},\"performer\":\"Organization\"},{\"@context\":\"http:\/\/schema.org\",\"@type\":\"Event\",\"name\":\"Flohmarkt Kiel Innenstadt Holstenplatz bis Rathausplatz 07.06.2026\",\"description\":\"&lt;p&gt;Flohmarkt Kiel Innenstadt am Sonntag, den 7. Juni 2026 ab 8 Uhr auf dem Rathausplatz, Asmus-Bremer-Platz, Europaplatz, Fleeth\\u00f6rn, Willestra\\u00dfe, Holstenplatz und Holstenstra\\u00dfe. In den Monaten April bis September 2026 veranstaltet die Landeshauptstadt Kiel mehrere Flohm\\u00e4rkte [&hellip;]&lt;\/p&gt;\\\\n\",\"image\":\"https:\/\/welovekiel.com\/wp-content\/uploads\/kieler-rathausplatz-flohmarkt-innenstadt-kiel.jpg\",\"url\":\"https:\/\/welovekiel.com\/de\/event\/flohmarkt-kiel-innenstadt-holstenplatz-bis-rathausplatz-7-6-2026\/\",\"eventAttendanceMode\":\"https:\/\/schema.org\/OfflineEventAttendanceMode\",\"eventStatus\":\"https:\/\/schema.org\/EventScheduled\",\"startDate\":\"2026-06-07T08:00:00+02:00\",\"endDate\":\"2026-06-07T16:00:00+02:00\",\"location\":{\"@type\":\"Place\",\"name\":\"Rathausplatz Kiel\",\"description\":\"\",\"url\":\"https:\/\/welovekiel.com\/de\/veranstaltungsort\/rathausplatz-kiel\/\",\"address\":{\"@type\":\"PostalAddress\",\"streetAddress\":\"Rathausplatz\",\"addressLocality\":\"Kiel\",\"postalCode\":\"24103\",\"addressCountry\":\"Deutschland\"},\"telephone\":\"\",\"sameAs\":\"\"},\"organizer\":{\"@type\":\"Person\",\"name\":\"Landeshauptstadt Kiel\",\"description\":\"\",\"url\":\"\",\"telephone\":\"\",\"email\":\"\",\"sameAs\":\"\"},\"offers\":{\"@type\":\"Offer\",\"price\":\"0\",\"priceCurrency\":\"EUR\",\"url\":\"https:\/\/welovekiel.com\/de\/event\/flohmarkt-kiel-innenstadt-holstenplatz-bis-rathausplatz-7-6-2026\/\",\"category\":\"primary\",\"availability\":\"inStock\",\"validFrom\":\"1970-01-01T00:00:00+00:00\"},\"performer\":\"Organization\"},{\"@context\":\"http:\/\/schema.org\",\"@type\":\"Event\",\"name\":\"Flohmarkt Kaufland Kiel-Mettenhof 14.06.2026\",\"description\":\"&lt;p&gt;Flohmarkt Kaufland Kiel-Mettenhof am Sonntag, den 14. Juni 2026 ab 6 Uhr auf dem Kaufland Parkplatz im Kieler Stadtteil Mettenhof am Skandinaviendamm. In den Monaten Januar bis Dezember 2026 veranstaltet Heinz Geide Flohm\\u00e4rkte insgesamt 12 [&hellip;]&lt;\/p&gt;\\\\n\",\"image\":\"https:\/\/welovekiel.com\/wp-content\/uploads\/kaufland-mettenhof-parkhaus-flohmarkt.jpg\",\"url\":\"https:\/\/welovekiel.com\/de\/event\/flohmarkt-kaufland-kiel-mettenhof-14-06-2026\/\",\"eventAttendanceMode\":\"https:\/\/schema.org\/OfflineEventAttendanceMode\",\"eventStatus\":\"https:\/\/schema.org\/EventScheduled\",\"startDate\":\"2026-06-14T06:00:00+02:00\",\"endDate\":\"2026-06-14T16:00:00+02:00\",\"location\":{\"@type\":\"Place\",\"name\":\"Kaufland Kiel-Mettenhof\",\"description\":\"\",\"url\":\"https:\/\/welovekiel.com\/de\/veranstaltungsort\/kaufland-kiel-mettenhof\/\",\"address\":{\"@type\":\"PostalAddress\",\"streetAddress\":\"Skandinaviendamm 299\",\"addressLocality\":\"Kiel\",\"postalCode\":\"24109\",\"addressCountry\":\"Deutschland\"},\"telephone\":\"\",\"sameAs\":\"\"},\"organizer\":{\"@type\":\"Person\",\"name\":\"Heinz Geide Flom\\u00e4rkte\",\"description\":\"\",\"url\":\"\",\"telephone\":\"\",\"email\":\"\",\"sameAs\":\"\"},\"offers\":{\"@type\":\"Offer\",\"price\":\"0\",\"priceCurrency\":\"EUR\",\"url\":\"https:\/\/welovekiel.com\/de\/event\/flohmarkt-kaufland-kiel-mettenhof-14-06-2026\/\",\"category\":\"primary\",\"availability\":\"inStock\",\"validFrom\":\"1970-01-01T00:00:00+00:00\"},\"performer\":\"Organization\"}]\r\n<\/script>\n\t\t\t<script data-js=\"tribe-events-view-data\" type=\"application\/json\">\n\t{\"slug\":\"widget-events-list\",\"prev_url\":\"\",\"next_url\":\"https:\\\/\\\/welovekiel.com\\\/de\\\/?post_type=tribe_events&eventDisplay=widget-events-list&paged=2\",\"view_class\":\"Tribe\\\\Events\\\\Views\\\\V2\\\\Views\\\\Widgets\\\\Widget_List_View\",\"view_slug\":\"widget-events-list\",\"view_label\":\"View\",\"view\":null,\"should_manage_url\":true,\"id\":null,\"alias-slugs\":null,\"title\":\"Veranstaltungen von 30. April \\u2013 14. Juni \\u2013 We love Kiel\",\"limit\":\"10\",\"no_upcoming_events\":false,\"featured_events_only\":false,\"jsonld_enable\":true,\"tribe_is_list_widget\":false,\"admin_fields\":{\"title\":{\"label\":\"Titel:\",\"type\":\"text\",\"parent_classes\":\"\",\"classes\":\"\",\"dependency\":\"\",\"id\":\"widget-tribe-widget-events-list-2-title\",\"name\":\"widget-tribe-widget-events-list[2][title]\",\"options\":[],\"placeholder\":\"\",\"value\":null},\"limit\":{\"label\":\"Anzeige:\",\"type\":\"number\",\"default\":5,\"min\":1,\"max\":10,\"step\":1,\"parent_classes\":\"\",\"classes\":\"\",\"dependency\":\"\",\"id\":\"widget-tribe-widget-events-list-2-limit\",\"name\":\"widget-tribe-widget-events-list[2][limit]\",\"options\":[],\"placeholder\":\"\",\"value\":null},\"metadata_section\":{\"type\":\"fieldset\",\"classes\":\"tribe-common-form-control-checkbox-checkbox-group\",\"label\":\"Anzeige:\",\"children\":{\"cost\":{\"type\":\"checkbox\",\"label\":\"Preis\",\"parent_classes\":\"\",\"classes\":\"\",\"dependency\":\"\",\"id\":\"widget-tribe-widget-events-list-2-cost\",\"name\":\"widget-tribe-widget-events-list[2][cost]\",\"options\":[],\"placeholder\":\"\",\"value\":null},\"venue\":{\"type\":\"checkbox\",\"label\":\"Veranstaltungsort\",\"parent_classes\":\"\",\"classes\":\"\",\"dependency\":\"\",\"id\":\"widget-tribe-widget-events-list-2-venue\",\"name\":\"widget-tribe-widget-events-list[2][venue]\",\"options\":[],\"placeholder\":\"\",\"value\":null},\"street\":{\"type\":\"checkbox\",\"label\":\"Stra\\u00dfe\",\"parent_classes\":\"\",\"classes\":\"\",\"dependency\":\"\",\"id\":\"widget-tribe-widget-events-list-2-street\",\"name\":\"widget-tribe-widget-events-list[2][street]\",\"options\":[],\"placeholder\":\"\",\"value\":null},\"city\":{\"type\":\"checkbox\",\"label\":\"Stadt\",\"parent_classes\":\"\",\"classes\":\"\",\"dependency\":\"\",\"id\":\"widget-tribe-widget-events-list-2-city\",\"name\":\"widget-tribe-widget-events-list[2][city]\",\"options\":[],\"placeholder\":\"\",\"value\":null},\"region\":{\"type\":\"checkbox\",\"label\":\"Staat (USA) oder Bundesland \\\/ Kanton (International)\",\"parent_classes\":\"\",\"classes\":\"\",\"dependency\":\"\",\"id\":\"widget-tribe-widget-events-list-2-region\",\"name\":\"widget-tribe-widget-events-list[2][region]\",\"options\":[],\"placeholder\":\"\",\"value\":null},\"zip\":{\"type\":\"checkbox\",\"label\":\"Postleitzahl\",\"parent_classes\":\"\",\"classes\":\"\",\"dependency\":\"\",\"id\":\"widget-tribe-widget-events-list-2-zip\",\"name\":\"widget-tribe-widget-events-list[2][zip]\",\"options\":[],\"placeholder\":\"\",\"value\":null},\"country\":{\"type\":\"checkbox\",\"label\":\"Land\",\"parent_classes\":\"\",\"classes\":\"\",\"dependency\":\"\",\"id\":\"widget-tribe-widget-events-list-2-country\",\"name\":\"widget-tribe-widget-events-list[2][country]\",\"options\":[],\"placeholder\":\"\",\"value\":null},\"phone\":{\"type\":\"checkbox\",\"label\":\"Telefon\",\"parent_classes\":\"\",\"classes\":\"\",\"dependency\":\"\",\"id\":\"widget-tribe-widget-events-list-2-phone\",\"name\":\"widget-tribe-widget-events-list[2][phone]\",\"options\":[],\"placeholder\":\"\",\"value\":null},\"organizer\":{\"type\":\"checkbox\",\"label\":\"Veranstalter\",\"parent_classes\":\"\",\"classes\":\"\",\"dependency\":\"\",\"id\":\"widget-tribe-widget-events-list-2-organizer\",\"name\":\"widget-tribe-widget-events-list[2][organizer]\",\"options\":[],\"placeholder\":\"\",\"value\":null},\"website\":{\"type\":\"checkbox\",\"label\":\"Webseite\",\"parent_classes\":\"\",\"classes\":\"\",\"dependency\":\"\",\"id\":\"widget-tribe-widget-events-list-2-website\",\"name\":\"widget-tribe-widget-events-list[2][website]\",\"options\":[],\"placeholder\":\"\",\"value\":null}},\"parent_classes\":\"\",\"dependency\":\"\",\"id\":\"widget-tribe-widget-events-list-2-metadata_section\",\"name\":\"widget-tribe-widget-events-list[2][metadata_section]\",\"options\":[],\"placeholder\":\"\",\"value\":null},\"taxonomy_section\":{\"type\":\"section\",\"classes\":[\"calendar-widget-filters-container\"],\"label\":\"Filter:\",\"children\":{\"filters\":{\"type\":\"taxonomy-filters\",\"parent_classes\":\"\",\"classes\":\"\",\"dependency\":\"\",\"id\":\"widget-tribe-widget-events-list-2-filters\",\"label\":\"\",\"name\":\"widget-tribe-widget-events-list[2][filters]\",\"options\":[],\"placeholder\":\"\",\"value\":null,\"list_items\":[]},\"operand\":{\"type\":\"fieldset\",\"classes\":\"tribe-common-form-control-checkbox-radio-group\",\"label\":\"Operand:\",\"selected\":\"OR\",\"children\":[{\"type\":\"radio\",\"label\":\"Match any\",\"button_value\":\"OR\",\"parent_classes\":\"\",\"classes\":\"\",\"dependency\":\"\",\"id\":\"widget-tribe-widget-events-list-2-operand\",\"name\":\"widget-tribe-widget-events-list[2][operand]\",\"options\":[],\"placeholder\":\"\",\"value\":null},{\"type\":\"radio\",\"label\":\"Match all\",\"button_value\":\"AND\",\"parent_classes\":\"\",\"classes\":\"\",\"dependency\":\"\",\"id\":\"widget-tribe-widget-events-list-2-operand\",\"name\":\"widget-tribe-widget-events-list[2][operand]\",\"options\":[],\"placeholder\":\"\",\"value\":null}],\"parent_classes\":\"\",\"dependency\":\"\",\"id\":\"widget-tribe-widget-events-list-2-operand\",\"name\":\"widget-tribe-widget-events-list[2][operand]\",\"options\":[],\"placeholder\":\"\",\"value\":null}},\"parent_classes\":\"\",\"dependency\":\"\",\"id\":\"widget-tribe-widget-events-list-2-taxonomy_section\",\"name\":\"widget-tribe-widget-events-list[2][taxonomy_section]\",\"options\":[],\"placeholder\":\"\",\"value\":null},\"taxonomy\":{\"type\":\"taxonomy\",\"classes\":\"calendar-widget-add-filter\",\"label\":\"Filter zuf\\u00fcgen:\",\"placeholder\":\"W\\u00e4hle einen Taxonomiebegriff\",\"parent_classes\":\"\",\"dependency\":\"\",\"id\":\"widget-tribe-widget-events-list-2-taxonomy\",\"name\":\"widget-tribe-widget-events-list[2][taxonomy]\",\"options\":[],\"value\":null},\"no_upcoming_events\":{\"label\":\"Blende dieses Widget aus, wenn es keine bevorstehenden Veranstaltungen gibt.\",\"type\":\"checkbox\",\"parent_classes\":\"\",\"classes\":\"\",\"dependency\":\"\",\"id\":\"widget-tribe-widget-events-list-2-no_upcoming_events\",\"name\":\"widget-tribe-widget-events-list[2][no_upcoming_events]\",\"options\":[],\"placeholder\":\"\",\"value\":null},\"featured_events_only\":{\"label\":\"Nur auf hervorgehobene Veranstaltungen beschr\\u00e4nken\",\"type\":\"checkbox\",\"parent_classes\":\"\",\"classes\":\"\",\"dependency\":\"\",\"id\":\"widget-tribe-widget-events-list-2-featured_events_only\",\"name\":\"widget-tribe-widget-events-list[2][featured_events_only]\",\"options\":[],\"placeholder\":\"\",\"value\":null},\"jsonld_enable\":{\"label\":\"JSON-LD-Daten generieren\",\"type\":\"checkbox\",\"parent_classes\":\"\",\"classes\":\"\",\"dependency\":\"\",\"id\":\"widget-tribe-widget-events-list-2-jsonld_enable\",\"name\":\"widget-tribe-widget-events-list[2][jsonld_enable]\",\"options\":[],\"placeholder\":\"\",\"value\":null}},\"venue\":false,\"country\":false,\"street\":false,\"city\":false,\"region\":false,\"zip\":false,\"phone\":false,\"cost\":false,\"organizer\":false,\"website\":false,\"operand\":\"OR\",\"filters\":\"\",\"wpml_language\":\"de\",\"fusion_display_title\":\"yes\",\"fusion_padding_color\":\"\",\"fusion_margin\":\"\",\"fusion_bg_color\":\"\",\"fusion_bg_radius_size\":\"\",\"fusion_border_size\":\"\",\"fusion_border_style\":\"solid\",\"fusion_border_color\":\"\",\"fusion_divider_color\":\"\",\"fusion_align\":\"\",\"fusion_align_mobile\":\"\",\"events\":[10000671,10000630,10000621,10000655,10000638,10000646,10000665,10000607,10000631,10000622],\"url\":\"https:\\\/\\\/welovekiel.com\\\/de\\\/?post_type=tribe_events&eventDisplay=widget-events-list\",\"url_event_date\":false,\"bar\":{\"keyword\":\"\",\"date\":\"\"},\"today\":\"2026-04-30 00:00:00\",\"now\":\"2026-04-30 01:55:52\",\"home_url\":\"https:\\\/\\\/welovekiel.com\\\/de\\\/\",\"rest_url\":\"https:\\\/\\\/welovekiel.com\\\/de\\\/wp-json\\\/tribe\\\/views\\\/v2\\\/html\",\"rest_method\":\"GET\",\"rest_nonce\":\"\",\"today_url\":\"https:\\\/\\\/welovekiel.com\\\/de\\\/?post_type=tribe_events&eventDisplay=widget-events-list&rest_route=%2Ftribe%2Fevents%2Fv1%2Fevents%2F7178\",\"today_title\":\"Klicke, um das heutige Datum auszuw\\u00e4hlen\",\"today_label\":\"Heute\",\"prev_label\":\"\",\"next_label\":\"\",\"date_formats\":{\"compact\":\"d.m.Y\",\"month_and_year_compact\":\"m.Y\",\"month_and_year\":\"F Y\",\"time_range_separator\":\" - \",\"date_time_separator\":\" | \"},\"messages\":[],\"start_of_week\":\"1\",\"header_title\":\"\",\"header_title_element\":\"h1\",\"content_title\":\"\",\"breadcrumbs\":[],\"backlink\":false,\"before_events\":\"\",\"after_events\":\"\\n<!--\\nThis calendar is powered by The Events Calendar.\\nhttp:\\\/\\\/evnt.is\\\/18wn\\n-->\\n\",\"display_events_bar\":false,\"disable_event_search\":false,\"live_refresh\":true,\"ical\":{\"display_link\":true,\"link\":{\"url\":\"https:\\\/\\\/welovekiel.com\\\/de\\\/?post_type=tribe_events&#038;eventDisplay=widget-events-list&#038;ical=1\",\"text\":\"Veranstaltungen als iCal exportieren\",\"title\":\"Diese Funktion verwenden, um Kalenderdaten mit Google Kalender, Apple iCal und kompatiblen Apps zu teilen\"}},\"container_classes\":[\"tribe-common\",\"tribe-events\",\"tribe-events-view\",\"tribe-events-view--widget-events-list\",\"tribe-events-widget\"],\"container_data\":[],\"is_past\":false,\"breakpoints\":{\"xsmall\":500,\"medium\":768,\"full\":960},\"breakpoint_pointer\":\"2eb87e60-9491-48fb-9a79-7f54755949ae\",\"is_initial_load\":false,\"public_views\":{\"list\":{\"view_class\":\"Tribe\\\\Events\\\\Views\\\\V2\\\\Views\\\\List_View\",\"view_url\":\"https:\\\/\\\/welovekiel.com\\\/de\\\/Veranstaltungen\\\/Liste\\\/\",\"view_label\":\"Liste\",\"aria_label\":\"Zeige Veranstaltungen in der Liste Ansicht\"},\"month\":{\"view_class\":\"Tribe\\\\Events\\\\Views\\\\V2\\\\Views\\\\Month_View\",\"view_url\":\"https:\\\/\\\/welovekiel.com\\\/de\\\/Veranstaltungen\\\/Monat\\\/\",\"view_label\":\"Monat\",\"aria_label\":\"Zeige Veranstaltungen in der Monat Ansicht\"},\"day\":{\"view_class\":\"Tribe\\\\Events\\\\Views\\\\V2\\\\Views\\\\Day_View\",\"view_url\":\"https:\\\/\\\/welovekiel.com\\\/de\\\/Veranstaltungen\\\/heute\\\/\",\"view_label\":\"Tag\",\"aria_label\":\"Zeige Veranstaltungen in der Tag Ansicht\"},\"week\":{\"view_class\":\"Tribe\\\\Events\\\\Pro\\\\Views\\\\V2\\\\Views\\\\Week_View\",\"view_url\":\"https:\\\/\\\/welovekiel.com\\\/de\\\/Veranstaltungen\\\/Woche\\\/\",\"view_label\":\"Woche\",\"aria_label\":\"Zeige Veranstaltungen in der Woche Ansicht\"}},\"show_latest_past\":false,\"past\":false,\"compatibility_classes\":[\"tribe-compatibility-container\"],\"view_more_text\":\"Kalender anzeigen\",\"view_more_title\":\"Weitere Veranstaltungen anzeigen.\",\"view_more_link\":\"https:\\\/\\\/welovekiel.com\\\/de\\\/Veranstaltungen\\\/\",\"widget_title\":\"Anstehende Veranstaltungen\",\"hide_if_no_upcoming_events\":false,\"display\":{\"cost\":false,\"venue\":false,\"street\":false,\"city\":false,\"region\":false,\"zip\":false,\"country\":false,\"phone\":false,\"organizer\":false,\"website\":false},\"subscribe_links\":{\"gcal\":{\"label\":\"Google Kalender\",\"single_label\":\"Zu Google Kalender hinzuf\\u00fcgen\",\"visible\":true,\"block_slug\":\"hasGoogleCalendar\"},\"ical\":{\"label\":\"iCalendar\",\"single_label\":\"Zu iCalendar hinzuf\\u00fcgen\",\"visible\":true,\"block_slug\":\"hasiCal\"},\"outlook-365\":{\"label\":\"Outlook 365\",\"single_label\":\"Outlook 365\",\"visible\":true,\"block_slug\":\"hasOutlook365\"},\"outlook-live\":{\"label\":\"Outlook Live\",\"single_label\":\"Outlook Live\",\"visible\":true,\"block_slug\":\"hasOutlookLive\"},\"ics\":{\"label\":\".ics-Datei exportieren\",\"single_label\":\".ics-Datei exportieren\",\"visible\":true,\"block_slug\":null},\"outlook-ics\":{\"label\":\"Exportiere Outlook .ics Datei\",\"single_label\":\"Exportiere Outlook .ics Datei\",\"visible\":true,\"block_slug\":null}},\"display_recurring_toggle\":false,\"_context\":{\"slug\":\"widget-events-list\"}}<\/script>\n\n\t\t\t\t\t\t\t<header class=\"tribe-events-widget-events-list__header\">\n\t\t\t\t\t<h2 class=\"tribe-events-widget-events-list__header-title tribe-common-h6 tribe-common-h--alt\">\n\t\t\t\t\t\tAnstehende Veranstaltungen\t\t\t\t\t<\/h2>\n\t\t\t\t<\/header>\n\t\t\t\n\t\t\t\n\t\t\t\t<div class=\"tribe-events-widget-events-list__events\">\n\t\t\t\t\t\t\t\t\t\t\t<div class=\"tribe-common-g-row tribe-events-widget-events-list__event-row\">\n\n\t<div class=\"tribe-events-widget-events-list__event-date-tag tribe-common-g-col\">\n\t<time class=\"tribe-events-widget-events-list__event-date-tag-datetime\" datetime=\"2026-05-01\">\n\t\t<span class=\"tribe-events-widget-events-list__event-date-tag-month\">\n\t\t\tMai\t\t<\/span>\n\t\t<span class=\"tribe-events-widget-events-list__event-date-tag-daynum tribe-common-h2 tribe-common-h4--min-medium\">\n\t\t\t1\t\t<\/span>\n\t<\/time>\n<\/div>\n\n\t<div class=\"tribe-events-widget-events-list__event-wrapper tribe-common-g-col\">\n\t\t<article class=\"tribe-events-widget-events-list__event post-10000671 tribe_events type-tribe_events status-publish has-post-thumbnail hentry tag-3262 tag-flohmarkt tag-flohmarkt-kieler-umland tag-flohmarkt-preetz tag-kreis-ploen tag-marktplatz tag-marktplatz-preetz tag-preetz tag-preetz-innenstadt tag-shopping tribe_events_cat-flohmarkt tribe_events_cat-kieler-umland tribe_events_cat-shopping gallery-content-unit\">\n\t\t\t<div class=\"tribe-events-widget-events-list__event-details\">\n\n\t\t\t\t<header class=\"tribe-events-widget-events-list__event-header\">\n\t\t\t\t\t<div class=\"tribe-events-widget-events-list__event-datetime-wrapper tribe-common-b2 tribe-common-b3--min-medium\">\n\t\t<time class=\"tribe-events-widget-events-list__event-datetime\" datetime=\"2026-05-01\">\n\t\t<span class=\"tribe-event-date-start\">07:00<\/span> - <span class=\"tribe-event-time\">17:00<\/span>\t<\/time>\n\t<\/div>\n\t\t\t\t\t<h3 class=\"tribe-events-widget-events-list__event-title tribe-common-h7\">\n\t<a href=\"https:\/\/welovekiel.com\/de\/event\/flohmarkt-preetz-innenstadt-1-5-2026\/\" title=\"Flohmarkt Preetz Innenstadt 01.05.2026\" rel=\"bookmark\" class=\"tribe-events-widget-events-list__event-title-link tribe-common-anchor-thin\">\n\t\tFlohmarkt Preetz Innenstadt 01.05.2026\t<\/a>\n<\/h3>\n\t\t\t\t<\/header>\n\n\t\t\t\t\n\t\t\t<\/div>\n\t\t<\/article>\n\t<\/div>\n\n<\/div>\n\t\t\t\t\t\t\t\t\t\t\t<div class=\"tribe-common-g-row tribe-events-widget-events-list__event-row\">\n\n\t<div class=\"tribe-events-widget-events-list__event-date-tag tribe-common-g-col\">\n\t<time class=\"tribe-events-widget-events-list__event-date-tag-datetime\" datetime=\"2026-05-03\">\n\t\t<span class=\"tribe-events-widget-events-list__event-date-tag-month\">\n\t\t\tMai\t\t<\/span>\n\t\t<span class=\"tribe-events-widget-events-list__event-date-tag-daynum tribe-common-h2 tribe-common-h4--min-medium\">\n\t\t\t3\t\t<\/span>\n\t<\/time>\n<\/div>\n\n\t<div class=\"tribe-events-widget-events-list__event-wrapper tribe-common-g-col\">\n\t\t<article class=\"tribe-events-widget-events-list__event post-10000630 tribe_events type-tribe_events status-publish has-post-thumbnail hentry tag-3262 tag-asmus-bremer-platz tag-flohmarkt tag-flohmarkt-kiel tag-flohmarkt-kieler-innenstadt tag-flohmarkt-rathausplatz tag-holstenplatz tag-holstenstrasse tag-rathausplatz tag-willestrasse tribe_events_cat-flohmarkt tribe_events_cat-kiel tribe_events_cat-shopping gallery-content-unit\">\n\t\t\t<div class=\"tribe-events-widget-events-list__event-details\">\n\n\t\t\t\t<header class=\"tribe-events-widget-events-list__event-header\">\n\t\t\t\t\t<div class=\"tribe-events-widget-events-list__event-datetime-wrapper tribe-common-b2 tribe-common-b3--min-medium\">\n\t\t<time class=\"tribe-events-widget-events-list__event-datetime\" datetime=\"2026-05-03\">\n\t\t<span class=\"tribe-event-date-start\">08:00<\/span> - <span class=\"tribe-event-time\">16:00<\/span>\t<\/time>\n\t<\/div>\n\t\t\t\t\t<h3 class=\"tribe-events-widget-events-list__event-title tribe-common-h7\">\n\t<a href=\"https:\/\/welovekiel.com\/de\/event\/flohmarkt-kiel-innenstadt-holstenplatz-bis-rathausplatz-3-5-2026\/\" title=\"Flohmarkt Kiel Innenstadt Holstenplatz bis Rathausplatz 03.05.2026\" rel=\"bookmark\" class=\"tribe-events-widget-events-list__event-title-link tribe-common-anchor-thin\">\n\t\tFlohmarkt Kiel Innenstadt Holstenplatz bis Rathausplatz 03.05.2026\t<\/a>\n<\/h3>\n\t\t\t\t<\/header>\n\n\t\t\t\t\n\t\t\t<\/div>\n\t\t<\/article>\n\t<\/div>\n\n<\/div>\n\t\t\t\t\t\t\t\t\t\t\t<div class=\"tribe-common-g-row tribe-events-widget-events-list__event-row\">\n\n\t<div class=\"tribe-events-widget-events-list__event-date-tag tribe-common-g-col\">\n\t<time class=\"tribe-events-widget-events-list__event-date-tag-datetime\" datetime=\"2026-05-10\">\n\t\t<span class=\"tribe-events-widget-events-list__event-date-tag-month\">\n\t\t\tMai\t\t<\/span>\n\t\t<span class=\"tribe-events-widget-events-list__event-date-tag-daynum tribe-common-h2 tribe-common-h4--min-medium\">\n\t\t\t10\t\t<\/span>\n\t<\/time>\n<\/div>\n\n\t<div class=\"tribe-events-widget-events-list__event-wrapper tribe-common-g-col\">\n\t\t<article class=\"tribe-events-widget-events-list__event post-10000621 tribe_events type-tribe_events status-publish has-post-thumbnail hentry tag-3262 tag-flohmarkt tag-flohmarkt-kiel tag-flohmarkt-mettenhof tag-kaufland tag-kaufland-flohmarkt tag-kaufland-mettenhof tag-kiel tag-mettenhof tag-mettenhof-fohmarkt tag-shopping tag-skandinaviendamm tribe_events_cat-flohmarkt tribe_events_cat-kiel tribe_events_cat-mettenhof tribe_events_cat-shopping gallery-content-unit\">\n\t\t\t<div class=\"tribe-events-widget-events-list__event-details\">\n\n\t\t\t\t<header class=\"tribe-events-widget-events-list__event-header\">\n\t\t\t\t\t<div class=\"tribe-events-widget-events-list__event-datetime-wrapper tribe-common-b2 tribe-common-b3--min-medium\">\n\t\t<time class=\"tribe-events-widget-events-list__event-datetime\" datetime=\"2026-05-10\">\n\t\t<span class=\"tribe-event-date-start\">06:00<\/span> - <span class=\"tribe-event-time\">16:00<\/span>\t<\/time>\n\t<\/div>\n\t\t\t\t\t<h3 class=\"tribe-events-widget-events-list__event-title tribe-common-h7\">\n\t<a href=\"https:\/\/welovekiel.com\/de\/event\/flohmarkt-kaufland-kiel-mettenhof-10-05-2026\/\" title=\"Flohmarkt Kaufland Kiel-Mettenhof 10.05.2026\" rel=\"bookmark\" class=\"tribe-events-widget-events-list__event-title-link tribe-common-anchor-thin\">\n\t\tFlohmarkt Kaufland Kiel-Mettenhof 10.05.2026\t<\/a>\n<\/h3>\n\t\t\t\t<\/header>\n\n\t\t\t\t\n\t\t\t<\/div>\n\t\t<\/article>\n\t<\/div>\n\n<\/div>\n\t\t\t\t\t\t\t\t\t\t\t<div class=\"tribe-common-g-row tribe-events-widget-events-list__event-row\">\n\n\t<div class=\"tribe-events-widget-events-list__event-date-tag tribe-common-g-col\">\n\t<time class=\"tribe-events-widget-events-list__event-date-tag-datetime\" datetime=\"2026-05-14\">\n\t\t<span class=\"tribe-events-widget-events-list__event-date-tag-month\">\n\t\t\tMai\t\t<\/span>\n\t\t<span class=\"tribe-events-widget-events-list__event-date-tag-daynum tribe-common-h2 tribe-common-h4--min-medium\">\n\t\t\t14\t\t<\/span>\n\t<\/time>\n<\/div>\n\n\t<div class=\"tribe-events-widget-events-list__event-wrapper tribe-common-g-col\">\n\t\t<article class=\"tribe-events-widget-events-list__event post-10000655 tribe_events type-tribe_events status-publish has-post-thumbnail hentry tag-3262 tag-flohmarkt tag-flohmarkt-kaufland tag-flohmarkt-kaufland-raisdorf tag-flohmarkt-kaufland-schwentinental tag-flohmarkt-kiel tag-flohmarkt-raisdorf tag-flohmarkt-schwentinental tag-kaufland tag-kaufland-flohmarkt tag-kaufland-raisdorf tag-kaufland-schwentinental tag-kiel tag-mergenthalerstrasse tag-raisdorf tag-schwentinental tag-shopping tribe_events_cat-flohmarkt tribe_events_cat-kiel tribe_events_cat-kieler-umland tribe_events_cat-meimersdorf tribe_events_cat-shopping gallery-content-unit\">\n\t\t\t<div class=\"tribe-events-widget-events-list__event-details\">\n\n\t\t\t\t<header class=\"tribe-events-widget-events-list__event-header\">\n\t\t\t\t\t<div class=\"tribe-events-widget-events-list__event-datetime-wrapper tribe-common-b2 tribe-common-b3--min-medium\">\n\t\t<time class=\"tribe-events-widget-events-list__event-datetime\" datetime=\"2026-05-14\">\n\t\t<span class=\"tribe-event-date-start\">08:00<\/span> - <span class=\"tribe-event-time\">16:00<\/span>\t<\/time>\n\t<\/div>\n\t\t\t\t\t<h3 class=\"tribe-events-widget-events-list__event-title tribe-common-h7\">\n\t<a href=\"https:\/\/welovekiel.com\/de\/event\/flohmarkt-kaufland-schwentinental-raisdorf-14-5-2026\/\" title=\"Flohmarkt Kaufland Schwentinental \/ Raisdorf 14.5.2026\" rel=\"bookmark\" class=\"tribe-events-widget-events-list__event-title-link tribe-common-anchor-thin\">\n\t\tFlohmarkt Kaufland Schwentinental \/ Raisdorf 14.5.2026\t<\/a>\n<\/h3>\n\t\t\t\t<\/header>\n\n\t\t\t\t\n\t\t\t<\/div>\n\t\t<\/article>\n\t<\/div>\n\n<\/div>\n\t\t\t\t\t\t\t\t\t\t\t<div class=\"tribe-common-g-row tribe-events-widget-events-list__event-row\">\n\n\t<div class=\"tribe-events-widget-events-list__event-date-tag tribe-common-g-col\">\n\t<time class=\"tribe-events-widget-events-list__event-date-tag-datetime\" datetime=\"2026-05-17\">\n\t\t<span class=\"tribe-events-widget-events-list__event-date-tag-month\">\n\t\t\tMai\t\t<\/span>\n\t\t<span class=\"tribe-events-widget-events-list__event-date-tag-daynum tribe-common-h2 tribe-common-h4--min-medium\">\n\t\t\t17\t\t<\/span>\n\t<\/time>\n<\/div>\n\n\t<div class=\"tribe-events-widget-events-list__event-wrapper tribe-common-g-col\">\n\t\t<article class=\"tribe-events-widget-events-list__event post-10000638 tribe_events type-tribe_events status-publish has-post-thumbnail hentry tag-3262 tag-famila tag-famila-wik tag-flohmarkt tag-flohmarkt-famila tag-flohmarkt-famila-wik tag-flohmarkt-kiel tag-kiel tag-prinz-heinrich-strasse tag-shopping tag-wik tribe_events_cat-flohmarkt tribe_events_cat-kiel tribe_events_cat-shopping tribe_events_cat-wik gallery-content-unit\">\n\t\t\t<div class=\"tribe-events-widget-events-list__event-details\">\n\n\t\t\t\t<header class=\"tribe-events-widget-events-list__event-header\">\n\t\t\t\t\t<div class=\"tribe-events-widget-events-list__event-datetime-wrapper tribe-common-b2 tribe-common-b3--min-medium\">\n\t\t<time class=\"tribe-events-widget-events-list__event-datetime\" datetime=\"2026-05-17\">\n\t\t<span class=\"tribe-event-date-start\">06:00<\/span> - <span class=\"tribe-event-time\">16:00<\/span>\t<\/time>\n\t<\/div>\n\t\t\t\t\t<h3 class=\"tribe-events-widget-events-list__event-title tribe-common-h7\">\n\t<a href=\"https:\/\/welovekiel.com\/de\/event\/flohmarkt-famila-kiel-wik-17-5-2026\/\" title=\"Flohmarkt famila Kiel-Wik 17.5.2026\" rel=\"bookmark\" class=\"tribe-events-widget-events-list__event-title-link tribe-common-anchor-thin\">\n\t\tFlohmarkt famila Kiel-Wik 17.5.2026\t<\/a>\n<\/h3>\n\t\t\t\t<\/header>\n\n\t\t\t\t\n\t\t\t<\/div>\n\t\t<\/article>\n\t<\/div>\n\n<\/div>\n\t\t\t\t\t\t\t\t\t\t\t<div class=\"tribe-common-g-row tribe-events-widget-events-list__event-row\">\n\n\t<div class=\"tribe-events-widget-events-list__event-date-tag tribe-common-g-col\">\n\t<time class=\"tribe-events-widget-events-list__event-date-tag-datetime\" datetime=\"2026-05-17\">\n\t\t<span class=\"tribe-events-widget-events-list__event-date-tag-month\">\n\t\t\tMai\t\t<\/span>\n\t\t<span class=\"tribe-events-widget-events-list__event-date-tag-daynum tribe-common-h2 tribe-common-h4--min-medium\">\n\t\t\t17\t\t<\/span>\n\t<\/time>\n<\/div>\n\n\t<div class=\"tribe-events-widget-events-list__event-wrapper tribe-common-g-col\">\n\t\t<article class=\"tribe-events-widget-events-list__event post-10000646 tribe_events type-tribe_events status-publish has-post-thumbnail hentry tag-3262 tag-citti-park tag-citti-park-flohmarkt tag-citti-park-kiel tag-flohmarkt tag-flohmarkt-kiel tag-hassee tag-shopping tribe_events_cat-flohmarkt tribe_events_cat-hassee tribe_events_cat-kiel tribe_events_cat-shopping gallery-content-unit\">\n\t\t\t<div class=\"tribe-events-widget-events-list__event-details\">\n\n\t\t\t\t<header class=\"tribe-events-widget-events-list__event-header\">\n\t\t\t\t\t<div class=\"tribe-events-widget-events-list__event-datetime-wrapper tribe-common-b2 tribe-common-b3--min-medium\">\n\t\t<time class=\"tribe-events-widget-events-list__event-datetime\" datetime=\"2026-05-17\">\n\t\t<span class=\"tribe-event-date-start\">08:00<\/span> - <span class=\"tribe-event-time\">16:00<\/span>\t<\/time>\n\t<\/div>\n\t\t\t\t\t<h3 class=\"tribe-events-widget-events-list__event-title tribe-common-h7\">\n\t<a href=\"https:\/\/welovekiel.com\/de\/event\/flohmarkt-citti-park-kiel-17-5-2026\/\" title=\"Flohmarkt Citti-Park Kiel 17.5.2026\" rel=\"bookmark\" class=\"tribe-events-widget-events-list__event-title-link tribe-common-anchor-thin\">\n\t\tFlohmarkt Citti-Park Kiel 17.5.2026\t<\/a>\n<\/h3>\n\t\t\t\t<\/header>\n\n\t\t\t\t\n\t\t\t<\/div>\n\t\t<\/article>\n\t<\/div>\n\n<\/div>\n\t\t\t\t\t\t\t\t\t\t\t<div class=\"tribe-common-g-row tribe-events-widget-events-list__event-row\">\n\n\t<div class=\"tribe-events-widget-events-list__event-date-tag tribe-common-g-col\">\n\t<time class=\"tribe-events-widget-events-list__event-date-tag-datetime\" datetime=\"2026-05-31\">\n\t\t<span class=\"tribe-events-widget-events-list__event-date-tag-month\">\n\t\t\tMai\t\t<\/span>\n\t\t<span class=\"tribe-events-widget-events-list__event-date-tag-daynum tribe-common-h2 tribe-common-h4--min-medium\">\n\t\t\t31\t\t<\/span>\n\t<\/time>\n<\/div>\n\n\t<div class=\"tribe-events-widget-events-list__event-wrapper tribe-common-g-col\">\n\t\t<article class=\"tribe-events-widget-events-list__event post-10000665 tribe_events type-tribe_events status-publish has-post-thumbnail hentry tag-3262 tag-flohmarkt tag-flohmarkt-gettorf tag-fussgaengerzone tag-gettorf tag-kieler-umland tag-kreis-rendsburg-eckernfoerde tag-shopping tribe_events_cat-flohmarkt tribe_events_cat-kieler-umland tribe_events_cat-shopping gallery-content-unit\">\n\t\t\t<div class=\"tribe-events-widget-events-list__event-details\">\n\n\t\t\t\t<header class=\"tribe-events-widget-events-list__event-header\">\n\t\t\t\t\t<div class=\"tribe-events-widget-events-list__event-datetime-wrapper tribe-common-b2 tribe-common-b3--min-medium\">\n\t\t<time class=\"tribe-events-widget-events-list__event-datetime\" datetime=\"2026-05-31\">\n\t\t<span class=\"tribe-event-date-start\">08:00<\/span> - <span class=\"tribe-event-time\">15:00<\/span>\t<\/time>\n\t<\/div>\n\t\t\t\t\t<h3 class=\"tribe-events-widget-events-list__event-title tribe-common-h7\">\n\t<a href=\"https:\/\/welovekiel.com\/de\/event\/flohmarkt-gettorf-fussgaengerzone-31-05-2026\/\" title=\"Flohmarkt Gettorf Fu&szlig;g&auml;ngerzone 31.05.2026\" rel=\"bookmark\" class=\"tribe-events-widget-events-list__event-title-link tribe-common-anchor-thin\">\n\t\tFlohmarkt Gettorf Fu&szlig;g&auml;ngerzone 31.05.2026\t<\/a>\n<\/h3>\n\t\t\t\t<\/header>\n\n\t\t\t\t\n\t\t\t<\/div>\n\t\t<\/article>\n\t<\/div>\n\n<\/div>\n\t\t\t\t\t\t\t\t\t\t\t<div class=\"tribe-common-g-row tribe-events-widget-events-list__event-row\">\n\n\t<div class=\"tribe-events-widget-events-list__event-date-tag tribe-common-g-col\">\n\t<time class=\"tribe-events-widget-events-list__event-date-tag-datetime\" datetime=\"2026-05-31\">\n\t\t<span class=\"tribe-events-widget-events-list__event-date-tag-month\">\n\t\t\tMai\t\t<\/span>\n\t\t<span class=\"tribe-events-widget-events-list__event-date-tag-daynum tribe-common-h2 tribe-common-h4--min-medium\">\n\t\t\t31\t\t<\/span>\n\t<\/time>\n<\/div>\n\n\t<div class=\"tribe-events-widget-events-list__event-wrapper tribe-common-g-col\">\n\t\t<article class=\"tribe-events-widget-events-list__event post-10000607 tribe_events type-tribe_events status-publish has-post-thumbnail hentry tag-3262 tag-famila tag-famila-neumeimersdorf tag-flohmarkt tag-flohmarkt-famila tag-flohmarkt-famila-neumeimersdorf tag-flohmarkt-kiel tag-grot-steenbusch tag-kiel tag-meimersdorf tag-neumeimersdorf tag-shopping tribe_events_cat-flohmarkt tribe_events_cat-kiel tribe_events_cat-meimersdorf tribe_events_cat-shopping gallery-content-unit\">\n\t\t\t<div class=\"tribe-events-widget-events-list__event-details\">\n\n\t\t\t\t<header class=\"tribe-events-widget-events-list__event-header\">\n\t\t\t\t\t<div class=\"tribe-events-widget-events-list__event-datetime-wrapper tribe-common-b2 tribe-common-b3--min-medium\">\n\t\t<time class=\"tribe-events-widget-events-list__event-datetime\" datetime=\"2026-05-31\">\n\t\t<span class=\"tribe-event-date-start\">08:30<\/span> - <span class=\"tribe-event-time\">16:00<\/span>\t<\/time>\n\t<\/div>\n\t\t\t\t\t<h3 class=\"tribe-events-widget-events-list__event-title tribe-common-h7\">\n\t<a href=\"https:\/\/welovekiel.com\/de\/event\/flohmarkt-famila-kiel-neumeimersdorf-31-5-2026\/\" title=\"Flohmarkt famila Kiel-Neumeimersdorf 31.5.2026\" rel=\"bookmark\" class=\"tribe-events-widget-events-list__event-title-link tribe-common-anchor-thin\">\n\t\tFlohmarkt famila Kiel-Neumeimersdorf 31.5.2026\t<\/a>\n<\/h3>\n\t\t\t\t<\/header>\n\n\t\t\t\t\n\t\t\t<\/div>\n\t\t<\/article>\n\t<\/div>\n\n<\/div>\n\t\t\t\t\t\t\t\t\t\t\t<div class=\"tribe-common-g-row tribe-events-widget-events-list__event-row\">\n\n\t<div class=\"tribe-events-widget-events-list__event-date-tag tribe-common-g-col\">\n\t<time class=\"tribe-events-widget-events-list__event-date-tag-datetime\" datetime=\"2026-06-07\">\n\t\t<span class=\"tribe-events-widget-events-list__event-date-tag-month\">\n\t\t\tJuni\t\t<\/span>\n\t\t<span class=\"tribe-events-widget-events-list__event-date-tag-daynum tribe-common-h2 tribe-common-h4--min-medium\">\n\t\t\t7\t\t<\/span>\n\t<\/time>\n<\/div>\n\n\t<div class=\"tribe-events-widget-events-list__event-wrapper tribe-common-g-col\">\n\t\t<article class=\"tribe-events-widget-events-list__event post-10000631 tribe_events type-tribe_events status-publish has-post-thumbnail hentry tag-3262 tag-asmus-bremer-platz tag-flohmarkt tag-flohmarkt-kiel tag-flohmarkt-kieler-innenstadt tag-flohmarkt-rathausplatz tag-holstenplatz tag-holstenstrasse tag-rathausplatz tag-willestrasse tribe_events_cat-flohmarkt tribe_events_cat-kiel tribe_events_cat-shopping gallery-content-unit\">\n\t\t\t<div class=\"tribe-events-widget-events-list__event-details\">\n\n\t\t\t\t<header class=\"tribe-events-widget-events-list__event-header\">\n\t\t\t\t\t<div class=\"tribe-events-widget-events-list__event-datetime-wrapper tribe-common-b2 tribe-common-b3--min-medium\">\n\t\t<time class=\"tribe-events-widget-events-list__event-datetime\" datetime=\"2026-06-07\">\n\t\t<span class=\"tribe-event-date-start\">08:00<\/span> - <span class=\"tribe-event-time\">16:00<\/span>\t<\/time>\n\t<\/div>\n\t\t\t\t\t<h3 class=\"tribe-events-widget-events-list__event-title tribe-common-h7\">\n\t<a href=\"https:\/\/welovekiel.com\/de\/event\/flohmarkt-kiel-innenstadt-holstenplatz-bis-rathausplatz-7-6-2026\/\" title=\"Flohmarkt Kiel Innenstadt Holstenplatz bis Rathausplatz 07.06.2026\" rel=\"bookmark\" class=\"tribe-events-widget-events-list__event-title-link tribe-common-anchor-thin\">\n\t\tFlohmarkt Kiel Innenstadt Holstenplatz bis Rathausplatz 07.06.2026\t<\/a>\n<\/h3>\n\t\t\t\t<\/header>\n\n\t\t\t\t\n\t\t\t<\/div>\n\t\t<\/article>\n\t<\/div>\n\n<\/div>\n\t\t\t\t\t\t\t\t\t\t\t<div class=\"tribe-common-g-row tribe-events-widget-events-list__event-row\">\n\n\t<div class=\"tribe-events-widget-events-list__event-date-tag tribe-common-g-col\">\n\t<time class=\"tribe-events-widget-events-list__event-date-tag-datetime\" datetime=\"2026-06-14\">\n\t\t<span class=\"tribe-events-widget-events-list__event-date-tag-month\">\n\t\t\tJuni\t\t<\/span>\n\t\t<span class=\"tribe-events-widget-events-list__event-date-tag-daynum tribe-common-h2 tribe-common-h4--min-medium\">\n\t\t\t14\t\t<\/span>\n\t<\/time>\n<\/div>\n\n\t<div class=\"tribe-events-widget-events-list__event-wrapper tribe-common-g-col\">\n\t\t<article class=\"tribe-events-widget-events-list__event post-10000622 tribe_events type-tribe_events status-publish has-post-thumbnail hentry tag-3262 tag-flohmarkt tag-flohmarkt-kiel tag-flohmarkt-mettenhof tag-kaufland tag-kaufland-flohmarkt tag-kaufland-mettenhof tag-kiel tag-mettenhof tag-mettenhof-fohmarkt tag-shopping tag-skandinaviendamm tribe_events_cat-flohmarkt tribe_events_cat-kiel tribe_events_cat-mettenhof tribe_events_cat-shopping gallery-content-unit\">\n\t\t\t<div class=\"tribe-events-widget-events-list__event-details\">\n\n\t\t\t\t<header class=\"tribe-events-widget-events-list__event-header\">\n\t\t\t\t\t<div class=\"tribe-events-widget-events-list__event-datetime-wrapper tribe-common-b2 tribe-common-b3--min-medium\">\n\t\t<time class=\"tribe-events-widget-events-list__event-datetime\" datetime=\"2026-06-14\">\n\t\t<span class=\"tribe-event-date-start\">06:00<\/span> - <span class=\"tribe-event-time\">16:00<\/span>\t<\/time>\n\t<\/div>\n\t\t\t\t\t<h3 class=\"tribe-events-widget-events-list__event-title tribe-common-h7\">\n\t<a href=\"https:\/\/welovekiel.com\/de\/event\/flohmarkt-kaufland-kiel-mettenhof-14-06-2026\/\" title=\"Flohmarkt Kaufland Kiel-Mettenhof 14.06.2026\" rel=\"bookmark\" class=\"tribe-events-widget-events-list__event-title-link tribe-common-anchor-thin\">\n\t\tFlohmarkt Kaufland Kiel-Mettenhof 14.06.2026\t<\/a>\n<\/h3>\n\t\t\t\t<\/header>\n\n\t\t\t\t\n\t\t\t<\/div>\n\t\t<\/article>\n\t<\/div>\n\n<\/div>\n\t\t\t\t\t\t\t\t\t<\/div>\n\n\t\t\t\t<div class=\"tribe-events-widget-events-list__view-more tribe-common-b1 tribe-common-b2--min-medium\">\n\t<a href=\"https:\/\/welovekiel.com\/de\/Veranstaltungen\/\" class=\"tribe-events-widget-events-list__view-more-link tribe-common-anchor-thin\" title=\"Weitere Veranstaltungen anzeigen.\">\n\t\tKalender anzeigen\t<\/a>\n<\/div>\n\n\t\t\t\t\t<\/div>\n\t<\/div>\n<\/div>\n<script data-js=\"tribe-events-view-nonce-data\" type=\"application\/json\">{\"tvn1\":\"2a16ed6808\",\"tvn2\":\"\"}<\/script><div id=\"custom_html-13\" class=\"widget_text widget widget_custom_html\" style=\"border-style: solid;border-color:transparent;border-width:0px;\"><div class=\"textwidget custom-html-widget\"><script async src=\"https:\/\/pagead2.googlesyndication.com\/pagead\/js\/adsbygoogle.js\"><\/script>\r\n<!-- welovekiel_de_blog_sidebar_responsive -->\r\n<ins class=\"adsbygoogle\" style=\"display:block\" data-ad-client=\"ca-pub-2675294892226297\" data-ad-slot=\"8830049817\" data-ad-format=\"auto\" data-full-width-responsive=\"true\"><\/ins>\r\n<script>\r\n     (adsbygoogle = window.adsbygoogle || []).push({});\r\n<\/script><\/div><\/div>\n\t\t<div id=\"recent-posts-6\" class=\"widget widget_recent_entries\" style=\"border-style: solid;border-color:transparent;border-width:0px;\">\n\t\t<div class=\"heading\"><h4 class=\"widget-title\">Neu im Kiel-Blog<\/h4><\/div>\n\t\t<ul>\n\t\t\t\t\t\t\t\t\t\t\t<li>\n\t\t\t\t\t<a href=\"https:\/\/welovekiel.com\/de\/buehnenaufbau-holstein-kiel-aufstiegsparty-rathausplatz-16867\/\">B&uuml;hnenaufbau Holstein Kiel Aufstiegsparty Rathausplatz Sonntagnachmittag<\/a>\n\t\t\t\t\t\t\t\t\t<\/li>\n\t\t\t\t\t\t\t\t\t\t\t<li>\n\t\t\t\t\t<a href=\"https:\/\/welovekiel.com\/de\/holstein-kiel-bundesliga-fans-holstein-stadion-16835\/\">Holstein Kiel Bundesliga Aufstiegsparty am Holstein-Stadion nach Unentschieden gegen D&uuml;sseldorf<\/a>\n\t\t\t\t\t\t\t\t\t<\/li>\n\t\t\t\t\t<\/ul>\n\n\t\t<\/div><div id=\"encyclopedia_items-8\" class=\"widget widget_encyclopedia_items\" style=\"border-style: solid;border-color:transparent;border-width:0px;\"><div class=\"heading\"><h4 class=\"widget-title\">Aus dem Kiel-Lexikon<\/h4><\/div><ul>\n            <li><a href=\"https:\/\/welovekiel.com\/de\/lexikon\/rathausplatz-erlebnis-und-kinoareal\/\" title=\"\" class=\"encyclopedia\">Rathausplatz Erlebnis- und Kinoareal<\/a><\/li>\n            <li><a href=\"https:\/\/welovekiel.com\/de\/lexikon\/kieler-weihnachtsdorf\/\" title=\"\" class=\"encyclopedia\">Kieler Weihnachtsdorf<\/a><\/li>\n            <li><a href=\"https:\/\/welovekiel.com\/de\/lexikon\/norwegenkai\/\" title=\"\" class=\"encyclopedia\">Norwegenkai<\/a><\/li>\n    <\/ul>\n<\/div><div class=\"fusion-additional-widget-content\"><\/div><\/div><\/div><style type=\"text\/css\">.fusion-body .fusion-builder-column-1{width:25% !important;margin-top : 0px;margin-bottom : 20px;}.fusion-builder-column-1 > .fusion-column-wrapper {padding-top : 0px !important;padding-right : 0px !important;margin-right : 7.68%;padding-bottom : 0px !important;padding-left : 0px !important;margin-left : 7.68%;}@media only screen and (max-width:1024px) {.fusion-body .fusion-builder-column-1{width:100% !important;order : 0;}.fusion-builder-column-1 > .fusion-column-wrapper {margin-right : 1.92%;margin-left : 1.92%;}}@media only screen and (max-width:640px) {.fusion-body .fusion-builder-column-1{width:100% !important;order : 0;}.fusion-builder-column-1 > .fusion-column-wrapper {margin-right : 1.92%;margin-left : 1.92%;}}<\/style><\/div><\/div><style type=\"text\/css\">.fusion-body .fusion-flex-container.fusion-builder-row-1{ padding-top : 0px;margin-top : 0px;padding-right : 0px;padding-bottom : 0px;margin-bottom : 0px;padding-left : 0px;}<\/style><\/div>","excerpt":"","slug":"kieler-woche-windjammerparade-2022","image":{"url":"https:\/\/welovekiel.com\/wp-content\/uploads\/windjammer-parade-2019-kiel.jpg","id":264,"extension":"jpg","width":1200,"height":800,"sizes":{"thumbnail":{"width":150,"height":150,"mime-type":"image\/jpeg","url":"https:\/\/welovekiel.com\/wp-content\/uploads\/windjammer-parade-2019-kiel-150x150.jpg"},"medium":{"width":300,"height":200,"mime-type":"image\/jpeg","url":"https:\/\/welovekiel.com\/wp-content\/uploads\/windjammer-parade-2019-kiel-300x200.jpg"},"medium_large":{"width":768,"height":512,"mime-type":"image\/jpeg","url":"https:\/\/welovekiel.com\/wp-content\/uploads\/windjammer-parade-2019-kiel-768x512.jpg"},"large":{"width":1024,"height":683,"mime-type":"image\/jpeg","url":"https:\/\/welovekiel.com\/wp-content\/uploads\/windjammer-parade-2019-kiel-1024x683.jpg"},"portfolio-full":{"width":940,"height":400,"mime-type":"image\/jpeg","url":"https:\/\/welovekiel.com\/wp-content\/uploads\/windjammer-parade-2019-kiel-940x400.jpg"},"portfolio-one":{"width":540,"height":272,"mime-type":"image\/jpeg","url":"https:\/\/welovekiel.com\/wp-content\/uploads\/windjammer-parade-2019-kiel-540x272.jpg"},"portfolio-two":{"width":460,"height":295,"mime-type":"image\/jpeg","url":"https:\/\/welovekiel.com\/wp-content\/uploads\/windjammer-parade-2019-kiel-460x295.jpg"},"portfolio-three":{"width":300,"height":214,"mime-type":"image\/jpeg","url":"https:\/\/welovekiel.com\/wp-content\/uploads\/windjammer-parade-2019-kiel-300x214.jpg"},"portfolio-five":{"width":177,"height":142,"mime-type":"image\/jpeg","url":"https:\/\/welovekiel.com\/wp-content\/uploads\/windjammer-parade-2019-kiel-177x142.jpg"},"blog-large":{"width":669,"height":272,"mime-type":"image\/jpeg","url":"https:\/\/welovekiel.com\/wp-content\/uploads\/windjammer-parade-2019-kiel-669x272.jpg"},"blog-medium":{"width":320,"height":202,"mime-type":"image\/jpeg","url":"https:\/\/welovekiel.com\/wp-content\/uploads\/windjammer-parade-2019-kiel-320x202.jpg"},"recent-posts":{"width":700,"height":441,"mime-type":"image\/jpeg","url":"https:\/\/welovekiel.com\/wp-content\/uploads\/windjammer-parade-2019-kiel-700x441.jpg"},"recent-works-thumbnail":{"width":66,"height":66,"mime-type":"image\/jpeg","url":"https:\/\/welovekiel.com\/wp-content\/uploads\/windjammer-parade-2019-kiel-66x66.jpg"},"arpw-thumbnail":{"width":50,"height":50,"mime-type":"image\/jpeg","url":"https:\/\/welovekiel.com\/wp-content\/uploads\/windjammer-parade-2019-kiel-50x50.jpg"},"fusion-200":{"width":200,"height":133,"mime-type":"image\/jpeg","url":"https:\/\/welovekiel.com\/wp-content\/uploads\/windjammer-parade-2019-kiel-200x133.jpg"},"fusion-400":{"width":400,"height":267,"mime-type":"image\/jpeg","url":"https:\/\/welovekiel.com\/wp-content\/uploads\/windjammer-parade-2019-kiel-400x267.jpg"},"fusion-600":{"width":600,"height":400,"mime-type":"image\/jpeg","url":"https:\/\/welovekiel.com\/wp-content\/uploads\/windjammer-parade-2019-kiel-600x400.jpg"},"fusion-800":{"width":800,"height":533,"mime-type":"image\/jpeg","url":"https:\/\/welovekiel.com\/wp-content\/uploads\/windjammer-parade-2019-kiel-800x533.jpg"},"fusion-1200":{"width":1200,"height":800,"mime-type":"image\/jpeg","url":"https:\/\/welovekiel.com\/wp-content\/uploads\/windjammer-parade-2019-kiel-1200x800.jpg"}}},"all_day":false,"start_date":"2022-06-25 11:00:00","start_date_details":{"year":"2022","month":"06","day":"25","hour":"11","minutes":"00","seconds":"00"},"end_date":"2022-06-25 15:00:00","end_date_details":{"year":"2022","month":"06","day":"25","hour":"15","minutes":"00","seconds":"00"},"utc_start_date":"2022-06-25 09:00:00","utc_start_date_details":{"year":"2022","month":"06","day":"25","hour":"09","minutes":"00","seconds":"00"},"utc_end_date":"2022-06-25 13:00:00","utc_end_date_details":{"year":"2022","month":"06","day":"25","hour":"13","minutes":"00","seconds":"00"},"timezone":"Europe\/Berlin","timezone_abbr":"CEST","cost":"Kostenlos","cost_details":{"currency_symbol":"\u20ac","currency_code":"","currency_position":"suffix","values":["0"]},"website":"","show_map":true,"show_map_link":true,"hide_from_listings":false,"sticky":false,"featured":false,"categories":[{"name":"Kiel","slug":"kiel","term_group":0,"term_taxonomy_id":782,"taxonomy":"tribe_events_cat","description":"Kiel","parent":0,"count":340,"filter":"raw","id":782,"urls":{"self":"https:\/\/welovekiel.com\/de\/wp-json\/tribe\/events\/v1\/categories\/782","collection":"https:\/\/welovekiel.com\/de\/wp-json\/tribe\/events\/v1\/categories"}},{"name":"Kieler Woche","slug":"kieler-woche","term_group":0,"term_taxonomy_id":774,"taxonomy":"tribe_events_cat","description":"Kieler Woche","parent":0,"count":51,"filter":"raw","id":774,"urls":{"self":"https:\/\/welovekiel.com\/de\/wp-json\/tribe\/events\/v1\/categories\/774","collection":"https:\/\/welovekiel.com\/de\/wp-json\/tribe\/events\/v1\/categories"}}],"tags":[{"name":"Kieler F\u00f6rde","slug":"kieler-foerde","term_group":0,"term_taxonomy_id":33,"taxonomy":"post_tag","description":"Kieler F\u00f6rde","parent":0,"count":79,"filter":"raw","id":33,"urls":{"self":"https:\/\/welovekiel.com\/de\/wp-json\/tribe\/events\/v1\/tags\/33","collection":"https:\/\/welovekiel.com\/de\/wp-json\/tribe\/events\/v1\/tags"}},{"name":"Kieler Woche","slug":"kieler-woche","term_group":0,"term_taxonomy_id":78,"taxonomy":"post_tag","description":"","parent":0,"count":142,"filter":"raw","id":78,"urls":{"self":"https:\/\/welovekiel.com\/de\/wp-json\/tribe\/events\/v1\/tags\/78","collection":"https:\/\/welovekiel.com\/de\/wp-json\/tribe\/events\/v1\/tags"}},{"name":"Kieler Woche 2022","slug":"kieler-woche-2022","term_group":0,"term_taxonomy_id":985,"taxonomy":"post_tag","description":"","parent":0,"count":30,"filter":"raw","id":985,"urls":{"self":"https:\/\/welovekiel.com\/de\/wp-json\/tribe\/events\/v1\/tags\/985","collection":"https:\/\/welovekiel.com\/de\/wp-json\/tribe\/events\/v1\/tags"}},{"name":"Schiffe","slug":"schiffe","term_group":0,"term_taxonomy_id":83,"taxonomy":"post_tag","description":"","parent":0,"count":49,"filter":"raw","id":83,"urls":{"self":"https:\/\/welovekiel.com\/de\/wp-json\/tribe\/events\/v1\/tags\/83","collection":"https:\/\/welovekiel.com\/de\/wp-json\/tribe\/events\/v1\/tags"}},{"name":"Segelschiffe","slug":"segelschiffe","term_group":0,"term_taxonomy_id":84,"taxonomy":"post_tag","description":"","parent":0,"count":14,"filter":"raw","id":84,"urls":{"self":"https:\/\/welovekiel.com\/de\/wp-json\/tribe\/events\/v1\/tags\/84","collection":"https:\/\/welovekiel.com\/de\/wp-json\/tribe\/events\/v1\/tags"}},{"name":"Windjammerparade","slug":"windjammerparade","term_group":0,"term_taxonomy_id":82,"taxonomy":"post_tag","description":"","parent":0,"count":15,"filter":"raw","id":82,"urls":{"self":"https:\/\/welovekiel.com\/de\/wp-json\/tribe\/events\/v1\/tags\/82","collection":"https:\/\/welovekiel.com\/de\/wp-json\/tribe\/events\/v1\/tags"}}],"venue":{"id":4883,"author":"2","status":"publish","date":"2021-03-28 14:48:23","date_utc":"2021-03-28 12:48:23","modified":"2023-01-25 23:29:50","modified_utc":"2023-01-25 22:29:50","url":"https:\/\/welovekiel.com\/de\/veranstaltungsort\/kieler-foerde\/","venue":"Kieler F\u00f6rde","description":"<p>Kieler F\u00f6rde \u2013 Eine rund 17 km lange, schmale F\u00f6rde an der Ostsee, die sich von ihrem s\u00fcdlichen Ende, der Kieler H\u00f6rn neben dem Stadtzentrum von Kiel, bis zur Au\u00dfenf\u00f6rde erstreckt und in die Kieler Bucht \u00fcbergeht.<\/p>","slug":"kieler-foerde","address":"Reventloubr\u00fccke","city":"Kiel","country":"Deutschland","json_ld":{"@type":"Place","name":"Kieler F\u00f6rde","description":"&lt;p&gt;Kieler F\u00f6rde \u2013 Eine rund 17 km lange, schmale F\u00f6rde an der Ostsee, die sich von ihrem s\u00fcdlichen Ende, der Kieler H\u00f6rn neben dem Stadtzentrum von Kiel, bis zur Au\u00dfenf\u00f6rde erstreckt und in die Kieler [&hellip;]&lt;\/p&gt;\\n","url":"https:\/\/welovekiel.com\/de\/veranstaltungsort\/kieler-foerde\/","address":{"@type":"PostalAddress","streetAddress":"Reventloubr\u00fccke","addressLocality":"Kiel","addressCountry":"Deutschland"},"telephone":"","sameAs":""},"show_map":true,"show_map_link":true,"global_id":"welovekiel.com\/de\/?id=4883","global_id_lineage":["welovekiel.com\/de\/?id=4883"]},"organizer":[{"id":4764,"author":"2","status":"publish","date":"2021-03-02 16:46:22","date_utc":"2021-03-02 15:46:22","modified":"2021-03-02 16:46:22","modified_utc":"2021-03-02 15:46:22","url":"https:\/\/welovekiel.com\/de\/veranstalter\/landeshauptstadt-kiel\/","organizer":"Landeshauptstadt Kiel","slug":"landeshauptstadt-kiel","json_ld":{"@type":"Person","name":"Landeshauptstadt Kiel","description":"","url":"","telephone":"","email":"","sameAs":""},"global_id":"welovekiel.com\/de\/?id=4764","global_id_lineage":["welovekiel.com\/de\/?id=4764"]}],"custom_fields":[],"json_ld":{"@context":"http:\/\/schema.org","@type":"Event","name":"Kieler Woche Windjammerparade 2022","description":"&lt;p&gt;Kieler Woche Windjammerparade 2022 in der Kieler F\u00f6rde am 25.06.2022 - Maritimes Highlight der Kieler Woche mit \u00fcber 100 teilnehmenden Segelschiffen. Die Windjammerparade in Kiel w\u00e4hrend der Kieler Woche z\u00e4hlt zu einem der Highlights der [&hellip;]&lt;\/p&gt;\\n","image":"https:\/\/welovekiel.com\/wp-content\/uploads\/windjammer-parade-2019-kiel.jpg","url":"https:\/\/welovekiel.com\/de\/event\/kieler-woche-windjammerparade-2022\/","eventAttendanceMode":"https:\/\/schema.org\/OfflineEventAttendanceMode","eventStatus":"https:\/\/schema.org\/EventScheduled","startDate":"2022-06-25T11:00:00+02:00","endDate":"2022-06-25T15:00:00+02:00","location":{"@type":"Place","name":"Kieler F\u00f6rde","description":"&lt;p&gt;Kieler F\u00f6rde \u2013 Eine rund 17 km lange, schmale F\u00f6rde an der Ostsee, die sich von ihrem s\u00fcdlichen Ende, der Kieler H\u00f6rn neben dem Stadtzentrum von Kiel, bis zur Au\u00dfenf\u00f6rde erstreckt und in die Kieler [&hellip;]&lt;\/p&gt;\\n","url":"https:\/\/welovekiel.com\/de\/veranstaltungsort\/kieler-foerde\/","address":{"@type":"PostalAddress","streetAddress":"Reventloubr\u00fccke","addressLocality":"Kiel","addressCountry":"Deutschland"},"telephone":"","sameAs":""},"organizer":{"@type":"Person","name":"Landeshauptstadt Kiel","description":"","url":"","telephone":"","email":"","sameAs":""},"offers":{"@type":"Offer","price":"0","priceCurrency":"EUR","url":"https:\/\/welovekiel.com\/de\/event\/kieler-woche-windjammerparade-2022\/","category":"primary","availability":"inStock","validFrom":"1970-01-01T00:00:00+00:00"},"performer":"Organization"},"is_virtual":false,"virtual_url":null,"virtual_video_source":""}